{"id":98535,"date":"2016-10-28T18:13:13","date_gmt":"2016-10-28T20:13:13","guid":{"rendered":"http:\/\/www.redenoticia.com.br\/noticia\/?p=98535"},"modified":"2016-10-28T17:16:25","modified_gmt":"2016-10-28T19:16:25","slug":"novela-sol-nascente-resumo-2910-sinha-ouve-conversa-entre-alice-e-mario","status":"publish","type":"post","link":"https:\/\/migracao.redenoticia.com.br\/noticia\/2016\/novela-sol-nascente-resumo-2910-sinha-ouve-conversa-entre-alice-e-mario\/98535","title":{"rendered":"Novela \u201cSol Nascente\u201d resumo 29\/10: Sinh\u00e1 ouve conversa entre Alice e Mario"},"content":{"rendered":"<p><img loading=\"lazy\" decoding=\"async\" class=\"alignleft size-thumbnail wp-image-91714\" src=\"https:\/\/migracao.redenoticia.com.br\/noticia\/imagens\/sol_nascente_resumo_novela_globo-150x112.jpg\" alt=\"sol_nascente_resumo_novela_globo\" width=\"150\" height=\"112\" srcset=\"https:\/\/migracao.redenoticia.com.br\/noticia\/imagens\/sol_nascente_resumo_novela_globo-150x112.jpg 150w, https:\/\/migracao.redenoticia.com.br\/noticia\/imagens\/sol_nascente_resumo_novela_globo-265x198.jpg 265w\" sizes=\"auto, (max-width: 150px) 100vw, 150px\" \/><strong><em>Novela \u201cSol Nascente\u201d resumo 29\/10<\/em><\/strong>:C\u00e9sar est\u00e1 desesperado por ter sido dispensado por Alice. Depois de brigar com Mario no Rota 94, o vil\u00e3o tem uma conversa s\u00e9ria com Jo\u00e3o Amaro e amea\u00e7a o comparsa. Ele quer saber por que n\u00e3o pode amar Alice. Jo\u00e3o Amaro at\u00e9 consegue escapar e desviar do assunto, mas a pr\u00f3xima a enfrentar a fera \u00e9 Carol. Depois, ao falar com sua av\u00f3, C\u00e9sar exige que Sinh\u00e1 n\u00e3o fa\u00e7a nada contra Alice. Mais tarde, Sinh\u00e1 aparece na casa de Tanaka e Chica a observa. Sinh\u00e1 ouve uma conversa entre Alice e Mario e conta para Cesar. Ent\u00e3o, ela decide se hospedar na casa de Tanaka para vigiar os passos dele.<\/p>\n<p>No cap\u00edtulo 053(*), novela \u201cSol Nascente\u201d, s\u00e1bado, 29 de outubro \u2013 Cesar exige que Sinh\u00e1 n\u00e3o fa\u00e7a nada contra Alice. Mieko fica nervosa na presen\u00e7a de Damasceno e Yumi acha gra\u00e7a. Tanaka passa a presid\u00eancia da empresa para Alice. <\/p>\n<p>Vanda sente ci\u00fames de Nuno. Nuno impede Cesar e Mario de se enfrentarem na estrada. Patrick conta para Cesar sobre o homem que traiu Tanaka. Sinh\u00e1 aparece na casa de Tanaka e Chica a observa. Milena fala para Vittorio que n\u00e3o aceitar\u00e1 que ele namore ningu\u00e9m. <\/p>\n<p>Sinh\u00e1 ouve uma conversa entre Alice e Mario e conta para Cesar. Sinh\u00e1 decide se hospedar na casa de Tanaka para vigiar os passos dele.<\/p>\n<p>(*) edi\u00e7\u00e3o da Rede Globo, Novela \u201cSol Nascente\u201d, sujeito a altera\u00e7\u00e3o de data e conte\u00fado.<\/p>\n","protected":false},"excerpt":{"rendered":"<p>Novela \u201cSol Nascente\u201d resumo 29\/10:C\u00e9sar est\u00e1 desesperado por ter sido dispensado por Alice. Depois de brigar com Mario no Rota 94, o vil\u00e3o tem uma conversa s\u00e9ria com Jo\u00e3o Amaro e amea\u00e7a o comparsa. Ele quer saber por que n\u00e3o pode amar Alice. Jo\u00e3o Amaro at\u00e9 consegue escapar e desviar do assunto, mas a pr\u00f3xima [&hellip;]<\/p>\n","protected":false},"author":2,"featured_media":93943,"comment_status":"open","ping_status":"closed","sticky":false,"template":"","format":"standard","meta":{"tdm_status":"","tdm_grid_status":"","footnotes":""},"categories":[379,375,343],"tags":[441],"class_list":{"0":"post-98535","1":"post","2":"type-post","3":"status-publish","4":"format-standard","5":"has-post-thumbnail","7":"category-novelas","8":"category-rede-globo","9":"category-televisao","10":"tag-resumo-do-dia"},"_links":{"self":[{"href":"https:\/\/migracao.redenoticia.com.br\/noticia\/wp-json\/wp\/v2\/posts\/98535","targetHints":{"allow":["GET"]}}],"collection":[{"href":"https:\/\/migracao.redenoticia.com.br\/noticia\/wp-json\/wp\/v2\/posts"}],"about":[{"href":"https:\/\/migracao.redenoticia.com.br\/noticia\/wp-json\/wp\/v2\/types\/post"}],"author":[{"embeddable":true,"href":"https:\/\/migracao.redenoticia.com.br\/noticia\/wp-json\/wp\/v2\/users\/2"}],"replies":[{"embeddable":true,"href":"https:\/\/migracao.redenoticia.com.br\/noticia\/wp-json\/wp\/v2\/comments?post=98535"}],"version-history":[{"count":0,"href":"https:\/\/migracao.redenoticia.com.br\/noticia\/wp-json\/wp\/v2\/posts\/98535\/revisions"}],"wp:featuredmedia":[{"embeddable":true,"href":"https:\/\/migracao.redenoticia.com.br\/noticia\/wp-json\/wp\/v2\/media\/93943"}],"wp:attachment":[{"href":"https:\/\/migracao.redenoticia.com.br\/noticia\/wp-json\/wp\/v2\/media?parent=98535"}],"wp:term":[{"taxonomy":"category","embeddable":true,"href":"https:\/\/migracao.redenoticia.com.br\/noticia\/wp-json\/wp\/v2\/categories?post=98535"},{"taxonomy":"post_tag","embeddable":true,"href":"https:\/\/migracao.redenoticia.com.br\/noticia\/wp-json\/wp\/v2\/tags?post=98535"}],"curies":[{"name":"wp","href":"https:\/\/api.w.org\/{rel}","templated":true}]}}