{"id":98558,"date":"2016-10-29T18:38:20","date_gmt":"2016-10-29T20:38:20","guid":{"rendered":"http:\/\/www.redenoticia.com.br\/noticia\/?p=98558"},"modified":"2016-10-28T18:41:49","modified_gmt":"2016-10-28T20:41:49","slug":"novela-sol-nascente-resumo-3110-alice-avisa-a-cesar-que-cancelou-sua-procuracao","status":"publish","type":"post","link":"https:\/\/migracao.redenoticia.com.br\/noticia\/2016\/novela-sol-nascente-resumo-3110-alice-avisa-a-cesar-que-cancelou-sua-procuracao\/98558","title":{"rendered":"Novela \u201cSol Nascente\u201d resumo 31\/10: Alice avisa a C\u00e9sar que cancelou sua procura\u00e7\u00e3o"},"content":{"rendered":"<p><img loading=\"lazy\" decoding=\"async\" class=\"alignleft size-thumbnail wp-image-91714\" src=\"https:\/\/migracao.redenoticia.com.br\/noticia\/imagens\/sol_nascente_resumo_novela_globo-150x112.jpg\" alt=\"sol_nascente_resumo_novela_globo\" width=\"150\" height=\"112\" srcset=\"https:\/\/migracao.redenoticia.com.br\/noticia\/imagens\/sol_nascente_resumo_novela_globo-150x112.jpg 150w, https:\/\/migracao.redenoticia.com.br\/noticia\/imagens\/sol_nascente_resumo_novela_globo-265x198.jpg 265w\" sizes=\"auto, (max-width: 150px) 100vw, 150px\" \/><strong><em>Novela \u201cSol Nascente\u201d resumo 31\/10<\/em><\/strong>: Tanaka passa a presid\u00eancia da empresa para Alice, mas Cesar ainda continua no comando.  Cesar sabe que seu principal obst\u00e1culo \u00e9 Mario e, assim, tenta de tudo quanto \u00e9 maneira coloca-lo mal na frente das pessoas e principalmente de Alice. Mas, Alice e Mario est\u00e3o cada vez mais unidos. Ele incentiva a namorada a revogar a procura\u00e7\u00e3o que deu para C\u00e9sar. Ela segue o conselho e avisa C\u00e9sar que cancelou sua procura\u00e7\u00e3o e que \u00e9 a nova presidente da Arraial Pescados.<\/p>\n<p>No cap\u00edtulo 054(*), novela \u201cSol Nascente\u201d, segunda-feira, 31 de outubro \u2013 Chica tem uma vis\u00e3o e se sente mal. Dora e Tiago brincam com as crian\u00e7as. C\u00e9sar atropela Dora. Mario e Alice se divertem na pousada. Dora perde o beb\u00ea. Chica se afasta de C\u00e9sar e Quirino percebe. <\/p>\n<p>Damasceno \u00e9 gentil com Sinh\u00e1, que reage com raiva. C\u00e9sar coloca Ana contra Mario. Patrick v\u00ea quando C\u00e9sar deixa o quarto de Carolina, mas se confunde e acredita que ele estava com Paula. <\/p>\n<p>Mario incentiva Alice a revogar a procura\u00e7\u00e3o que deu para C\u00e9sar. Yumi se entristece ao saber que Dora perdeu seu beb\u00ea. Alice avisa a C\u00e9sar que cancelou sua procura\u00e7\u00e3o e que \u00e9 a nova presidente da Arraial Pescados.<\/p>\n<p>(*) edi\u00e7\u00e3o da Rede Globo, Novela \u201cSol Nascente\u201d, sujeito a altera\u00e7\u00e3o de data e conte\u00fado.<\/p>\n","protected":false},"excerpt":{"rendered":"<p>Novela \u201cSol Nascente\u201d resumo 31\/10: Tanaka passa a presid\u00eancia da empresa para Alice, mas Cesar ainda continua no comando. Cesar sabe que seu principal obst\u00e1culo \u00e9 Mario e, assim, tenta de tudo quanto \u00e9 maneira coloca-lo mal na frente das pessoas e principalmente de Alice. Mas, Alice e Mario est\u00e3o cada vez mais unidos. Ele [&hellip;]<\/p>\n","protected":false},"author":2,"featured_media":93944,"comment_status":"open","ping_status":"closed","sticky":false,"template":"","format":"standard","meta":{"tdm_status":"","tdm_grid_status":"","footnotes":""},"categories":[379,375,343],"tags":[441],"class_list":{"0":"post-98558","1":"post","2":"type-post","3":"status-publish","4":"format-standard","5":"has-post-thumbnail","7":"category-novelas","8":"category-rede-globo","9":"category-televisao","10":"tag-resumo-do-dia"},"_links":{"self":[{"href":"https:\/\/migracao.redenoticia.com.br\/noticia\/wp-json\/wp\/v2\/posts\/98558","targetHints":{"allow":["GET"]}}],"collection":[{"href":"https:\/\/migracao.redenoticia.com.br\/noticia\/wp-json\/wp\/v2\/posts"}],"about":[{"href":"https:\/\/migracao.redenoticia.com.br\/noticia\/wp-json\/wp\/v2\/types\/post"}],"author":[{"embeddable":true,"href":"https:\/\/migracao.redenoticia.com.br\/noticia\/wp-json\/wp\/v2\/users\/2"}],"replies":[{"embeddable":true,"href":"https:\/\/migracao.redenoticia.com.br\/noticia\/wp-json\/wp\/v2\/comments?post=98558"}],"version-history":[{"count":0,"href":"https:\/\/migracao.redenoticia.com.br\/noticia\/wp-json\/wp\/v2\/posts\/98558\/revisions"}],"wp:featuredmedia":[{"embeddable":true,"href":"https:\/\/migracao.redenoticia.com.br\/noticia\/wp-json\/wp\/v2\/media\/93944"}],"wp:attachment":[{"href":"https:\/\/migracao.redenoticia.com.br\/noticia\/wp-json\/wp\/v2\/media?parent=98558"}],"wp:term":[{"taxonomy":"category","embeddable":true,"href":"https:\/\/migracao.redenoticia.com.br\/noticia\/wp-json\/wp\/v2\/categories?post=98558"},{"taxonomy":"post_tag","embeddable":true,"href":"https:\/\/migracao.redenoticia.com.br\/noticia\/wp-json\/wp\/v2\/tags?post=98558"}],"curies":[{"name":"wp","href":"https:\/\/api.w.org\/{rel}","templated":true}]}}