{"id":98599,"date":"2016-11-01T06:21:14","date_gmt":"2016-11-01T08:21:14","guid":{"rendered":"http:\/\/www.redenoticia.com.br\/noticia\/?p=98599"},"modified":"2016-10-31T16:22:47","modified_gmt":"2016-10-31T18:22:47","slug":"candidatos-erram-mais-nas-provas-de-matematica-fisica-e-quimica-do-enem","status":"publish","type":"post","link":"https:\/\/migracao.redenoticia.com.br\/noticia\/2016\/candidatos-erram-mais-nas-provas-de-matematica-fisica-e-quimica-do-enem\/98599","title":{"rendered":"Candidatos erram mais nas provas de matem\u00e1tica, f\u00edsica e qu\u00edmica do Enem"},"content":{"rendered":"<p> As disciplinas da \u00e1rea de exatas s\u00e3o as vil\u00e3s para muitos estudantes nas provas do Exame Nacional do Ensino M\u00e9dio (<strong><em>Enem<\/em><\/strong>), como mostra um levantamento sobre erros e acertos. Foi nas provas de matem\u00e1tica, f\u00edsica e qu\u00edmica que os candidatos mais erraram quest\u00f5es no Enem entre os anos de 2009 e 2014. O levantamento foi feito pela plataforma AppProva a partir da an\u00e1lise de microdados do exame e o objetivo \u00e9 auxiliar professores e estudantes para aprimorarem o desempenho nas provas. As provas do Enem ser\u00e3o realizadas nos dias 5 e 6 de novembro.<\/p>\n<p>A taxa de acertos nestas tr\u00eas disciplinas foram as menores no per\u00edodo analisado. Em matem\u00e1tica, o \u00edndice de acerto foi de 29%. Tanto em qu\u00edmica quanto em f\u00edsica, de 26%. Levando em conta apenas o exame de 2014, a taxa de acerto em qu\u00edmica foi de 27% e em matem\u00e1tica e f\u00edsica, de 25%.<\/p>\n<p>Dentro da matem\u00e1tica, os conte\u00fados que os estudantes mais erraram foram sistema de equa\u00e7\u00f5es, fun\u00e7\u00f5es do segundo grau e escala. Em f\u00edsica, o conte\u00fado campe\u00e3o de erros \u00e9 a din\u00e2mica e em qu\u00edmica h\u00e1 empate entre equil\u00edbrio qu\u00edmico e estequiometria.<\/p>\n<p>Matem\u00e1tica \u00e9 a maior prova<\/p>\n<p>O diretor do col\u00e9gio e curso SEI, no Rio de Janeiro, Daniel Vitor Noleto, lembra que a prova de matem\u00e1tica \u00e9 a maior do Enem, com 45 quest\u00f5es, e aponta algumas dicas para o candidato se sair bem. Ele aconselha os estudantes pesquisarem os conte\u00fados de matem\u00e1tica que mais t\u00eam ca\u00eddo nas provas do Enem para dedicar aten\u00e7\u00e3o a eles. Outra sugest\u00e3o \u00e9 tamb\u00e9m direcionar mais tempo de estudo para as \u00e1reas da matem\u00e1tica onde o estudante tem mais dificuldade.<\/p>\n<p>\u201c\u00c9 importante ver o que voc\u00ea tem mais dificuldade dentro da matem\u00e1tica e estudar a fundo esse conte\u00fado, pesquisar o que mais tem ca\u00eddo em matem\u00e1tica, pegar esses assuntos que s\u00e3o mais importantes e estudar bem durante a reta final para garantir o m\u00e1ximo de pontos nesta que \u00e9 uma a maior prova do Enem\u201d, disse.<\/p>\n<p>Taxas de acerto mais elevadas<\/p>\n<p>J\u00e1 as disciplinas com as maiores taxas de acerto no Enem entre 2009 e 2014 s\u00e3o l\u00edngua portuguesa (44%), hist\u00f3ria (38%) e biologia (36%).<\/p>\n<p>A prova do Enem \u00e9 dividida em quatro \u00e1reas de conhecimento: ci\u00eancias humanas; ci\u00eancias da natureza; linguagens e c\u00f3digos; e matem\u00e1tica. O levantamento tamb\u00e9m analisou os conte\u00fados que os candidatos mais acertaram dentro dessas \u00e1reas.<\/p>\n<p>Em ci\u00eancias humanas, houve mais acertos nos temas que envolvem \u00e9tica e pol\u00edtica, em ci\u00eancias da natureza nos conte\u00fados de anatomia e filosofia. Na matem\u00e1tica, os estudantes acertaram mais progress\u00f5es aritm\u00e9ticas e, em linguagens, a interpreta\u00e7\u00e3o de propagandas.<\/p>\n<p>A partir dos microdados do Enem divulgados pelo Instituto Nacional de Estudos e Pesquisas Educacionais An\u00edsio Teixeira (Inep), a plataforma AppProva analisou as taxas de acertos dos alunos por grandes \u00e1reas, disciplinas, conte\u00fados, habilidades e quest\u00f5es.<\/p>\n<p>Yara Aquino &#8211; Rep\u00f3rter da Ag\u00eancia Brasil<br \/>\nEdi\u00e7\u00e3o: Kleber Sampaio<br \/>\n01\/11\/2016<\/p>\n","protected":false},"excerpt":{"rendered":"<p>As disciplinas da \u00e1rea de exatas s\u00e3o as vil\u00e3s para muitos estudantes nas provas do Exame Nacional do Ensino M\u00e9dio (Enem), como mostra um levantamento sobre erros e acertos. Foi nas provas de matem\u00e1tica, f\u00edsica e qu\u00edmica que os candidatos mais erraram quest\u00f5es no Enem entre os anos de 2009 e 2014. O levantamento foi [&hellip;]<\/p>\n","protected":false},"author":2,"featured_media":36938,"comment_status":"open","ping_status":"closed","sticky":false,"template":"","format":"standard","meta":{"tdm_status":"","tdm_grid_status":"","footnotes":""},"categories":[22,370,295],"tags":[],"class_list":{"0":"post-98599","1":"post","2":"type-post","3":"status-publish","4":"format-standard","5":"has-post-thumbnail","7":"category-brasil","8":"category-inscricao","9":"category-vestibular"},"_links":{"self":[{"href":"https:\/\/migracao.redenoticia.com.br\/noticia\/wp-json\/wp\/v2\/posts\/98599","targetHints":{"allow":["GET"]}}],"collection":[{"href":"https:\/\/migracao.redenoticia.com.br\/noticia\/wp-json\/wp\/v2\/posts"}],"about":[{"href":"https:\/\/migracao.redenoticia.com.br\/noticia\/wp-json\/wp\/v2\/types\/post"}],"author":[{"embeddable":true,"href":"https:\/\/migracao.redenoticia.com.br\/noticia\/wp-json\/wp\/v2\/users\/2"}],"replies":[{"embeddable":true,"href":"https:\/\/migracao.redenoticia.com.br\/noticia\/wp-json\/wp\/v2\/comments?post=98599"}],"version-history":[{"count":0,"href":"https:\/\/migracao.redenoticia.com.br\/noticia\/wp-json\/wp\/v2\/posts\/98599\/revisions"}],"wp:featuredmedia":[{"embeddable":true,"href":"https:\/\/migracao.redenoticia.com.br\/noticia\/wp-json\/wp\/v2\/media\/36938"}],"wp:attachment":[{"href":"https:\/\/migracao.redenoticia.com.br\/noticia\/wp-json\/wp\/v2\/media?parent=98599"}],"wp:term":[{"taxonomy":"category","embeddable":true,"href":"https:\/\/migracao.redenoticia.com.br\/noticia\/wp-json\/wp\/v2\/categories?post=98599"},{"taxonomy":"post_tag","embeddable":true,"href":"https:\/\/migracao.redenoticia.com.br\/noticia\/wp-json\/wp\/v2\/tags?post=98599"}],"curies":[{"name":"wp","href":"https:\/\/api.w.org\/{rel}","templated":true}]}}