{"id":98674,"date":"2016-11-02T14:16:34","date_gmt":"2016-11-02T16:16:34","guid":{"rendered":"http:\/\/www.redenoticia.com.br\/noticia\/?p=98674"},"modified":"2016-11-01T18:57:16","modified_gmt":"2016-11-01T20:57:16","slug":"novela-amor-e-intrigas-resumo-0311-alice-planeja-desmascarar-petronio","status":"publish","type":"post","link":"https:\/\/migracao.redenoticia.com.br\/noticia\/2016\/novela-amor-e-intrigas-resumo-0311-alice-planeja-desmascarar-petronio\/98674","title":{"rendered":"Novela \u201cAmor e Intrigas\u201d resumo 03\/11: Alice planeja desmascarar Petr\u00f4nio"},"content":{"rendered":"<p><img loading=\"lazy\" decoding=\"async\" class=\"alignleft size-thumbnail wp-image-85046\" src=\"https:\/\/migracao.redenoticia.com.br\/noticia\/imagens\/amor_e_intrigas_record_resumo_novela-150x112.jpg\" alt=\"amor_e_intrigas_record_resumo_novela\" width=\"150\" height=\"112\" srcset=\"https:\/\/migracao.redenoticia.com.br\/noticia\/imagens\/amor_e_intrigas_record_resumo_novela-150x112.jpg 150w, https:\/\/migracao.redenoticia.com.br\/noticia\/imagens\/amor_e_intrigas_record_resumo_novela-265x198.jpg 265w\" sizes=\"auto, (max-width: 150px) 100vw, 150px\" \/><strong><em>Novela \u201cAmor e Intrigas\u201d resumo 03\/11<\/em><\/strong>: Pedro, Ant\u00f4nia e Fab\u00edola almo\u00e7am juntos e encontram Felipe no restaurante. Ant\u00f4nia pergunta sobre os preparativos do noivado de D\u00e9bora e Pedro fica sem entender. Felipe diz que D\u00e9bora ir\u00e1 se casar com Francisco. Pedro fica chocado. Felipe estranha Pedro n\u00e3o saber que D\u00e9bora vai se casar com Petr\u00f4nio. Felipe estranha que ningu\u00e9m na pens\u00e3o saiba sobre o casamento. Pedro conta para Alice que Petr\u00f4nio vai se casar com D\u00e9bora. Alice fica chocada e diz que vai desmascarar Petr\u00f4nio no dia do noivado.<\/p>\n<p>No capitulo 130 (*), novela \u201cAmor e Intrigas\u201d, quinta-feira, 03 de novembro &#8211; Felipe estranha Pedro n\u00e3o saber que D\u00e9bora vai se casar com Petr\u00f4nio. Felipe estranha que ningu\u00e9m na pens\u00e3o saiba sobre o casamento. Telma e Celeste observam Ana almo\u00e7ando ao lado de Anselmo. Anselmo \u00e9 muito atencioso com Ana. Valqu\u00edria diz para Jacira que arranjou um novo apartamento. Jacira diz para Valqu\u00edria que encontrou com Alice, que abriu outra confec\u00e7\u00e3o. Valqu\u00edria diz que vai mandar Neurose seq\u00fcestrar Alice. Pedro conta para Alice que Petr\u00f4nio vai se casar com D\u00e9bora. Alice fica chocada e diz que vai desmascarar Petr\u00f4nio no dia do noivado dele com D\u00e9bora. Valqu\u00edria organiza com Neurose o seq\u00fcestro de Alice. <\/p>\n<p>Jacira se assusta com a maldade de Valqu\u00edria. Eug\u00eania diz para Paco os nomes que quer dar para cada personagem. Alice e Pedro armam como v\u00e3o desmascarar Petr\u00f4nio na hora do noivado. Dorot\u00e9ia diz que n\u00e3o entendeu por que Alexandra vai se casar com Paulo. Alexandra diz que est\u00e1 gr\u00e1vida de Paulo. Dorot\u00e9ia diz que Felipe est\u00e1 namorando Valqu\u00edria, uma mulher perfeitamente equilibrada. Alexandra, c\u00ednica, diz que fica feliz por Felipe. Paulo diz para Felipe que ele ainda ama Alice. Sergio diz que n\u00e3o pode ir ao noivado, pois tem que tomar conta da pousada. <\/p>\n<p>Alice e Pedro se preparam para desmascarar Petr\u00f4nio. Valqu\u00edria diz para Jacira que Alice vai ser seq\u00fcestrada e que os bandidos j\u00e1 est\u00e3o de prontid\u00e3o no pr\u00e9dio dela. Nonato diz para Eva que D\u00e9bora vai ficar noiva. Celeste diz para Cristina que Petr\u00f4nio est\u00e1 demorando para voltar para o Rio. A festa do noivado come\u00e7a. D\u00e9bora diz para Petr\u00f4nio que \u00e9 o dia mais feliz da vida dela. Alice sai com Pedro do pr\u00e9dio. Neurose observa que ela est\u00e1 acompanhada. Pedro e Alice pegam um t\u00e1xi. Os bandidos v\u00e3o atr\u00e1s. Alice e Pedro descem na casa de Dorot\u00e9ia. Os bandidos cercam o casal e batem em Pedro, que cai desacordado. Eles jogam Alice no carro e partem.<\/p>\n<p>(*) edi\u00e7\u00e3o da Rede Record, Novela \u201cAmor e Intrigas\u201d, sujeito a altera\u00e7\u00e3o de data e conte\u00fado.<\/p>\n","protected":false},"excerpt":{"rendered":"<p>Novela \u201cAmor e Intrigas\u201d resumo 03\/11: Pedro, Ant\u00f4nia e Fab\u00edola almo\u00e7am juntos e encontram Felipe no restaurante. Ant\u00f4nia pergunta sobre os preparativos do noivado de D\u00e9bora e Pedro fica sem entender. Felipe diz que D\u00e9bora ir\u00e1 se casar com Francisco. Pedro fica chocado. Felipe estranha Pedro n\u00e3o saber que D\u00e9bora vai se casar com Petr\u00f4nio. [&hellip;]<\/p>\n","protected":false},"author":2,"featured_media":85046,"comment_status":"open","ping_status":"closed","sticky":false,"template":"","format":"standard","meta":{"tdm_status":"","tdm_grid_status":"","footnotes":""},"categories":[379,371,343],"tags":[441],"class_list":{"0":"post-98674","1":"post","2":"type-post","3":"status-publish","4":"format-standard","5":"has-post-thumbnail","7":"category-novelas","8":"category-rede-record","9":"category-televisao","10":"tag-resumo-do-dia"},"_links":{"self":[{"href":"https:\/\/migracao.redenoticia.com.br\/noticia\/wp-json\/wp\/v2\/posts\/98674","targetHints":{"allow":["GET"]}}],"collection":[{"href":"https:\/\/migracao.redenoticia.com.br\/noticia\/wp-json\/wp\/v2\/posts"}],"about":[{"href":"https:\/\/migracao.redenoticia.com.br\/noticia\/wp-json\/wp\/v2\/types\/post"}],"author":[{"embeddable":true,"href":"https:\/\/migracao.redenoticia.com.br\/noticia\/wp-json\/wp\/v2\/users\/2"}],"replies":[{"embeddable":true,"href":"https:\/\/migracao.redenoticia.com.br\/noticia\/wp-json\/wp\/v2\/comments?post=98674"}],"version-history":[{"count":0,"href":"https:\/\/migracao.redenoticia.com.br\/noticia\/wp-json\/wp\/v2\/posts\/98674\/revisions"}],"wp:featuredmedia":[{"embeddable":true,"href":"https:\/\/migracao.redenoticia.com.br\/noticia\/wp-json\/wp\/v2\/media\/85046"}],"wp:attachment":[{"href":"https:\/\/migracao.redenoticia.com.br\/noticia\/wp-json\/wp\/v2\/media?parent=98674"}],"wp:term":[{"taxonomy":"category","embeddable":true,"href":"https:\/\/migracao.redenoticia.com.br\/noticia\/wp-json\/wp\/v2\/categories?post=98674"},{"taxonomy":"post_tag","embeddable":true,"href":"https:\/\/migracao.redenoticia.com.br\/noticia\/wp-json\/wp\/v2\/tags?post=98674"}],"curies":[{"name":"wp","href":"https:\/\/api.w.org\/{rel}","templated":true}]}}