{"id":98696,"date":"2016-11-01T18:05:20","date_gmt":"2016-11-01T20:05:20","guid":{"rendered":"http:\/\/www.redenoticia.com.br\/noticia\/?p=98696"},"modified":"2016-11-01T15:51:35","modified_gmt":"2016-11-01T17:51:35","slug":"novela-malhacao-resumo-0211-joana-decide-escrever-uma-carta-para-a-avo","status":"publish","type":"post","link":"https:\/\/migracao.redenoticia.com.br\/noticia\/2016\/novela-malhacao-resumo-0211-joana-decide-escrever-uma-carta-para-a-avo\/98696","title":{"rendered":"Novela \u201cMalha\u00e7\u00e3o\u201d resumo 02\/11: Irene recrimina Joana"},"content":{"rendered":"<p><img loading=\"lazy\" decoding=\"async\" class=\"alignleft size-thumbnail wp-image-91715\" src=\"https:\/\/migracao.redenoticia.com.br\/noticia\/imagens\/malhacao_pro_dia_nascer_feliz_resumo_novela-150x112.jpg\" alt=\"malhacao_pro_dia_nascer_feliz_resumo_novela\" width=\"150\" height=\"112\" srcset=\"https:\/\/migracao.redenoticia.com.br\/noticia\/imagens\/malhacao_pro_dia_nascer_feliz_resumo_novela-150x112.jpg 150w, https:\/\/migracao.redenoticia.com.br\/noticia\/imagens\/malhacao_pro_dia_nascer_feliz_resumo_novela-265x198.jpg 265w\" sizes=\"auto, (max-width: 150px) 100vw, 150px\" \/><strong><em>Novela \u201cMalha\u00e7\u00e3o\u201d resumo 02\/11<\/em><\/strong>:\u00a0Joana n\u00e3o consegue tirar da cabe\u00e7a o tapa na cara que deu em\u00a0B\u00e1rbara.vDurante uma conversa com Giovane, Joana diz que nunca tinha tomado uma atitude como aquela e que n\u00e3o interessa o que B\u00e1rbara fez, ela tamb\u00e9m errou. Preocupado com a garota, o jogador de v\u00f4lei tenta confort\u00e1-la e pergunta se h\u00e1 alguma coisa que ele possa fazer. Joana diz que ele j\u00e1 est\u00e1 a fazer, pois ele a acalma. Olho no olho e o clima come\u00e7a a rolar entre os dois. S\u00f3 que\u00a0Gabriel chega exatamente na hora e acaba com o momento do irm\u00e3o. Depois, Irene conversa com os filhos, recrimina Joana e se surpreende com o comportamento de Giovane. Mais tarde, Joana decide escrever uma carta para a av\u00f3.<\/p>\n<p>No cap\u00edtulo 053(*), novela \u201cMalha\u00e7\u00e3o\u201d, quarta-feira, 02 de novembro \u2013 Irene recrimina Joana para os filhos e se surpreende com o comportamento de Giovane. Joana decide escrever uma carta para a av\u00f3.<\/p>\n<p>Nanda aconselha Belloto a ser mais s\u00e9rio com J\u00e9ssica. Lucas \u00e9 gentil com Luiza. Martinha se coloca entre Juliana e Jab\u00e1. R\u00f4mulo pensa em dar uma alian\u00e7a para Nanda.<\/p>\n<p>Lucas faz um grafite no muro e Ana teme a rea\u00e7\u00e3o de Corr\u00eaa. Caio convida T\u00e2nia para sair. Gabriel procura Joana.<\/p>\n<p>(*) edi\u00e7\u00e3o da Rede Globo, Novela \u201cMalha\u00e7\u00e3o\u201d, sujeito a altera\u00e7\u00e3o de data e conte\u00fado.<\/p>\n","protected":false},"excerpt":{"rendered":"<p>Novela \u201cMalha\u00e7\u00e3o\u201d resumo 02\/11:\u00a0Joana n\u00e3o consegue tirar da cabe\u00e7a o tapa na cara que deu em\u00a0B\u00e1rbara.vDurante uma conversa com Giovane, Joana diz que nunca tinha tomado uma atitude como aquela e que n\u00e3o interessa o que B\u00e1rbara fez, ela tamb\u00e9m errou. Preocupado com a garota, o jogador de v\u00f4lei tenta confort\u00e1-la e pergunta se h\u00e1 [&hellip;]<\/p>\n","protected":false},"author":4,"featured_media":91715,"comment_status":"open","ping_status":"closed","sticky":false,"template":"","format":"standard","meta":{"tdm_status":"","tdm_grid_status":"","footnotes":""},"categories":[447,379,375,343],"tags":[441],"class_list":{"0":"post-98696","1":"post","2":"type-post","3":"status-publish","4":"format-standard","5":"has-post-thumbnail","7":"category-malhacao","8":"category-novelas","9":"category-rede-globo","10":"category-televisao","11":"tag-resumo-do-dia"},"_links":{"self":[{"href":"https:\/\/migracao.redenoticia.com.br\/noticia\/wp-json\/wp\/v2\/posts\/98696","targetHints":{"allow":["GET"]}}],"collection":[{"href":"https:\/\/migracao.redenoticia.com.br\/noticia\/wp-json\/wp\/v2\/posts"}],"about":[{"href":"https:\/\/migracao.redenoticia.com.br\/noticia\/wp-json\/wp\/v2\/types\/post"}],"author":[{"embeddable":true,"href":"https:\/\/migracao.redenoticia.com.br\/noticia\/wp-json\/wp\/v2\/users\/4"}],"replies":[{"embeddable":true,"href":"https:\/\/migracao.redenoticia.com.br\/noticia\/wp-json\/wp\/v2\/comments?post=98696"}],"version-history":[{"count":0,"href":"https:\/\/migracao.redenoticia.com.br\/noticia\/wp-json\/wp\/v2\/posts\/98696\/revisions"}],"wp:featuredmedia":[{"embeddable":true,"href":"https:\/\/migracao.redenoticia.com.br\/noticia\/wp-json\/wp\/v2\/media\/91715"}],"wp:attachment":[{"href":"https:\/\/migracao.redenoticia.com.br\/noticia\/wp-json\/wp\/v2\/media?parent=98696"}],"wp:term":[{"taxonomy":"category","embeddable":true,"href":"https:\/\/migracao.redenoticia.com.br\/noticia\/wp-json\/wp\/v2\/categories?post=98696"},{"taxonomy":"post_tag","embeddable":true,"href":"https:\/\/migracao.redenoticia.com.br\/noticia\/wp-json\/wp\/v2\/tags?post=98696"}],"curies":[{"name":"wp","href":"https:\/\/api.w.org\/{rel}","templated":true}]}}