{"id":98746,"date":"2016-11-03T06:45:01","date_gmt":"2016-11-03T08:45:01","guid":{"rendered":"http:\/\/www.redenoticia.com.br\/noticia\/?p=98746"},"modified":"2016-11-01T18:46:53","modified_gmt":"2016-11-01T20:46:53","slug":"treinamento-tecnico-em-biologia-com-bolsa-da-fapesp","status":"publish","type":"post","link":"https:\/\/migracao.redenoticia.com.br\/noticia\/2016\/treinamento-tecnico-em-biologia-com-bolsa-da-fapesp\/98746","title":{"rendered":"Treinamento T\u00e9cnico em Biologia com Bolsa da FAPESP"},"content":{"rendered":"<p> Ag\u00eancia FAPESP \u2013 O Centro de Pesquisa em Doen\u00e7as Inflamat\u00f3rias (), um dos Centros de Pesquisa, Inova\u00e7\u00e3o e Difus\u00e3o (CEPIDs) da FAPESP, oferece uma oportunidade de <strong><em>Treinamento T\u00e9cnico<\/em><\/strong> 3 (TT3). O prazo de inscri\u00e7\u00e3o encerra em 4 de novembro.<\/p>\n<p>O per\u00edodo da bolsa \u00e9 de 12 meses e dedica\u00e7\u00e3o de 40 horas semanais. A orienta\u00e7\u00e3o ser\u00e1 do prof. Thiago Mattar Cunha, do Departamento de Farmacologia da Faculdade de Medicina de Ribeir\u00e3o Preto, da Universidade de S\u00e3o Paulo (USP).<\/p>\n<p>O bolsista participar\u00e1 do projeto &#8220;O metabolismo celular em doen\u00e7as inflamat\u00f3rias&#8221;, integrando equipe multidisciplinar, formada por professores, m\u00e9dicos, t\u00e9cnicos e estudantes das institui\u00e7\u00f5es envolvidas. A sua principal fun\u00e7\u00e3o ser\u00e1 realizar a fenotipagem dos animais.<\/p>\n<p>O candidato selecionado ser\u00e1 treinado para separar RNA e DNA, realizar PCR, purificar soro, c\u00e9lulas linfomonucleares do sangue perif\u00e9rico e realizar outras t\u00e9cnicas no laborat\u00f3rio.<\/p>\n<p>A bolsa est\u00e1 dispon\u00edvel para graduados na \u00e1rea de biol\u00f3gicas e sem reprova\u00e7\u00f5es em seu hist\u00f3rico escolar.<\/p>\n<p>Os interessados devem enviar carta de motiva\u00e7\u00e3o, hist\u00f3rico escolar e curriculum vitae para o prof. Thiago Cunha no endere\u00e7o thicunha@fmrp.usp.br, informando na mensagem o telefone para contato. No campo Assunto, favor inserir &#8220;Bolsa TT3 CRID&#8221;.<\/p>\n<p>O valor da bolsa TT3 para graduados do n\u00edvel superior (\u00e1rea de biol\u00f3gicas), sem reprova\u00e7\u00f5es em seu hist\u00f3rico escolar, \u00e9 de R$ 1.136,40\/m\u00eas.<\/p>\n<p>A oportunidade est\u00e1 publicada em .<\/p>\n<p>Para mais informa\u00e7\u00f5es sobre as bolsas de Treinamento T\u00e9cnico acesse  e .<\/p>\n<p>Informa\u00e7\u00f5es sobre valores das bolsas TT est\u00e3o dispon\u00edveis no endere\u00e7o .<\/p>\n","protected":false},"excerpt":{"rendered":"<p>Ag\u00eancia FAPESP \u2013 O Centro de Pesquisa em Doen\u00e7as Inflamat\u00f3rias (), um dos Centros de Pesquisa, Inova\u00e7\u00e3o e Difus\u00e3o (CEPIDs) da FAPESP, oferece uma oportunidade de Treinamento T\u00e9cnico 3 (TT3). O prazo de inscri\u00e7\u00e3o encerra em 4 de novembro. O per\u00edodo da bolsa \u00e9 de 12 meses e dedica\u00e7\u00e3o de 40 horas semanais. A orienta\u00e7\u00e3o [&hellip;]<\/p>\n","protected":false},"author":2,"featured_media":28951,"comment_status":"open","ping_status":"closed","sticky":false,"template":"","format":"standard","meta":{"tdm_status":"","tdm_grid_status":"","footnotes":""},"categories":[22,370,353],"tags":[],"class_list":{"0":"post-98746","1":"post","2":"type-post","3":"status-publish","4":"format-standard","5":"has-post-thumbnail","7":"category-brasil","8":"category-inscricao","9":"category-oportunidades"},"_links":{"self":[{"href":"https:\/\/migracao.redenoticia.com.br\/noticia\/wp-json\/wp\/v2\/posts\/98746","targetHints":{"allow":["GET"]}}],"collection":[{"href":"https:\/\/migracao.redenoticia.com.br\/noticia\/wp-json\/wp\/v2\/posts"}],"about":[{"href":"https:\/\/migracao.redenoticia.com.br\/noticia\/wp-json\/wp\/v2\/types\/post"}],"author":[{"embeddable":true,"href":"https:\/\/migracao.redenoticia.com.br\/noticia\/wp-json\/wp\/v2\/users\/2"}],"replies":[{"embeddable":true,"href":"https:\/\/migracao.redenoticia.com.br\/noticia\/wp-json\/wp\/v2\/comments?post=98746"}],"version-history":[{"count":0,"href":"https:\/\/migracao.redenoticia.com.br\/noticia\/wp-json\/wp\/v2\/posts\/98746\/revisions"}],"wp:featuredmedia":[{"embeddable":true,"href":"https:\/\/migracao.redenoticia.com.br\/noticia\/wp-json\/wp\/v2\/media\/28951"}],"wp:attachment":[{"href":"https:\/\/migracao.redenoticia.com.br\/noticia\/wp-json\/wp\/v2\/media?parent=98746"}],"wp:term":[{"taxonomy":"category","embeddable":true,"href":"https:\/\/migracao.redenoticia.com.br\/noticia\/wp-json\/wp\/v2\/categories?post=98746"},{"taxonomy":"post_tag","embeddable":true,"href":"https:\/\/migracao.redenoticia.com.br\/noticia\/wp-json\/wp\/v2\/tags?post=98746"}],"curies":[{"name":"wp","href":"https:\/\/api.w.org\/{rel}","templated":true}]}}