{"id":98763,"date":"2016-11-03T06:49:13","date_gmt":"2016-11-03T08:49:13","guid":{"rendered":"http:\/\/www.redenoticia.com.br\/noticia\/?p=98763"},"modified":"2016-11-01T18:50:22","modified_gmt":"2016-11-01T20:50:22","slug":"professores-dao-dicas-a-estudantes-que-vao-fazer-as-provas-do-enem","status":"publish","type":"post","link":"https:\/\/migracao.redenoticia.com.br\/noticia\/2016\/professores-dao-dicas-a-estudantes-que-vao-fazer-as-provas-do-enem\/98763","title":{"rendered":"Professores d\u00e3o dicas a estudantes que v\u00e3o fazer as provas do Enem"},"content":{"rendered":"<p> Estudantes ainda se prepararam para a maratona de dez horas de provas do Exame Nacional do Ensino M\u00e9dio (<strong><em>Enem<\/em><\/strong>), divididas entre os dias 5 e 6 de novembro. Neste momento, manter a calma, desacelerar o ritmo de estudos e dormir bem para evitar o cansa\u00e7o excessivo no dia da prova s\u00e3o dicas de professores ouvidos pela Ag\u00eancia Brasil.<\/p>\n<p>O diretor do Col\u00e9gio Conc\u00f3rdia, de S\u00e3o Paulo, Edson Wander Eller, diz que n\u00e3o adianta o estudante querer revisar todo o conte\u00fado do ensino m\u00e9dio nesses poucos dias que antecedem a prova. A palavra de ordem agora \u00e9 \u201cdesacelerar\u201d os estudos. Ele sugere tamb\u00e9m que os candidatos durmam bem para estar preparado f\u00edsica e psicologicamente para o exame.<\/p>\n<p>\u201cN\u00e3o \u00e9 que o candidato n\u00e3o precise estudar nada, mas ele precisa de descanso. A prova do Enem \u00e9 muito cansativa, muito longa, requer muito preparo f\u00edsico e psicol\u00f3gico dos alunos. Ent\u00e3o, a dica \u00e9 colocar o sono em dia e descansar o que precisa ser descansado\u201d, sugere o diretor.<\/p>\n<p>Para a v\u00e9spera do Enem, a dica de Edson Wander Eller \u00e9 esquecer passeios e baladas e manter a concentra\u00e7\u00e3o no exame. Ele disse que o fato de haver duas provas seguidas \u00e9 um desafio f\u00edsico e psicol\u00f3gico, &#8220;Ent\u00e3o, \u00e9 preciso estar muito bem preparado fisicamente para fazer essa prova, na quinta-feira, na sexta-feira, ele [o candidato] n\u00e3o tem que se preocupar com balada, com passear, com qualquer outra coisa que n\u00e3o seja a concentra\u00e7\u00e3o para os estudos\u201d, acrescenta.<\/p>\n<p>A coordenadora do 3\u00b0 ano do ensino m\u00e9dio do Col\u00e9gio Batista Mineiro, de Belo Horizonte, J\u00fania Batista Tavares, afirma que a redu\u00e7\u00e3o no ritmo de estudos nos dias que antecedem o Enem deve obedecer o perfil de cada estudante. \u201cH\u00e1 pessoas que ficam mais ansiosas se deixar de estudar do que se continuarem no ritmo delas. Se o estudante est\u00e1 muito ansioso para repassar alguma mat\u00e9ria, fa\u00e7a, mas estabelecendo um tempo limite. Oriento que ele tente desacelerar, mantenha a tranquilidade e procure atividades que tragam relaxamento\u201d, diz.<\/p>\n<p> Ela recomenda ainda que nos pr\u00f3ximos dias os estudantes fa\u00e7am atividades f\u00edsicas e aquilo que traga tranquilidade. \u201c\u00c9 preciso garantir boas horas de sono, boa alimenta\u00e7\u00e3o, atividade f\u00edsicas, manter a rotina e buscar atividades que tragam certo conforto como assistir a um filme e tentar relaxar um pouco mais\u201d.<\/p>\n<p>O recado do diretor do col\u00e9gio e curso SEI, no Rio de Janeiro, Daniel Vitor Noleto, para os estudantes nesses \u00faltimos dias \u00e9 que eles fiquem confiantes e n\u00e3o deixem a ansiedade atrapalhar o bom desempenho na hora da prova. \u201cQue o candidato saiba que se ele estudou, fez sua parte, n\u00e3o precisa ter aquela ansiedade a ponto de atrapalhar. Para manter a calma, \u00e9 bom que aluno entenda que fez o melhor e agora \u00e9 demonstrar isso no fim de semana de prova\u201d.<\/p>\n<p>Relaxar nos dias anteriores ao Enem \u00e9 tamb\u00e9m a dica do educador do col\u00e9gio SEI. Ele aponta o apoio da fam\u00edlia como fundamental nessa reta final. \u201cDurante os \u00faltimos dias \u00e9 bom tentar ficar um pouco mais relaxado, n\u00e3o sentir tanto a press\u00e3o da fam\u00edlia e de amigos. A fam\u00edlia pode ajudar muito, apoiando e com palavras de incentivo para dar tranquilidade ao aluno, para que fa\u00e7a uma boa prova\u201d.<\/p>\n<p>Daniel Noleto alerta os estudantes que o domingo (6), segundo dia de Enem, \u00e9 o que exige mais disposi\u00e7\u00e3o por ser o mais longo e cansativo. \u00c9 no domingo que s\u00e3o aplicadas as provas de matem\u00e1tica e a de reda\u00e7\u00e3o, com dura\u00e7\u00e3o de cinco horas e meia. No s\u00e1bado (5), s\u00e3o quatro horas e meia de prova.<\/p>\n<p>Os educadores sugerem que os estudantes aproveitem o tempo que falta para a aplica\u00e7\u00e3o do exame para fazer o percurso de casa at\u00e9 o local de prova. A ideia \u00e9 garantir que eles v\u00e3o saber chegar ao endere\u00e7o no dia do Enem, al\u00e9m de ter uma no\u00e7\u00e3o do tempo gasto at\u00e9 l\u00e1.<\/p>\n<p>\u201cSe o aluno n\u00e3o se preparar com anteced\u00eancia, corre o risco de chegar atrasado e perder a prova ou de chegar muito em cima da hora j\u00e1 com uma carga de estresse, o que vai atrapalhar sua concentra\u00e7\u00e3o\u201d, diz o diretor do col\u00e9gio Conc\u00f3rdia, Edson Wander Eller.<\/p>\n<p>Os  com os endere\u00e7os do local da prova est\u00e3o dispon\u00edveis na internet, no site do Enem e tamb\u00e9m no aplicativo do Enem, nas plataformas Android, iOS e Windows Phone. Para acess\u00e1-los \u00e9 preciso informar o CPF e a senha.<\/p>\n<p>Yara Aquino &#8211; Rep\u00f3rter da Ag\u00eancia Brasil<br \/>\nEdi\u00e7\u00e3o: Gra\u00e7a Adjuto<br \/>\n03\/11\/2016<\/p>\n","protected":false},"excerpt":{"rendered":"<p>Estudantes ainda se prepararam para a maratona de dez horas de provas do Exame Nacional do Ensino M\u00e9dio (Enem), divididas entre os dias 5 e 6 de novembro. Neste momento, manter a calma, desacelerar o ritmo de estudos e dormir bem para evitar o cansa\u00e7o excessivo no dia da prova s\u00e3o dicas de professores ouvidos [&hellip;]<\/p>\n","protected":false},"author":2,"featured_media":36938,"comment_status":"open","ping_status":"closed","sticky":false,"template":"","format":"standard","meta":{"tdm_status":"","tdm_grid_status":"","footnotes":""},"categories":[22,370,295],"tags":[],"class_list":{"0":"post-98763","1":"post","2":"type-post","3":"status-publish","4":"format-standard","5":"has-post-thumbnail","7":"category-brasil","8":"category-inscricao","9":"category-vestibular"},"_links":{"self":[{"href":"https:\/\/migracao.redenoticia.com.br\/noticia\/wp-json\/wp\/v2\/posts\/98763","targetHints":{"allow":["GET"]}}],"collection":[{"href":"https:\/\/migracao.redenoticia.com.br\/noticia\/wp-json\/wp\/v2\/posts"}],"about":[{"href":"https:\/\/migracao.redenoticia.com.br\/noticia\/wp-json\/wp\/v2\/types\/post"}],"author":[{"embeddable":true,"href":"https:\/\/migracao.redenoticia.com.br\/noticia\/wp-json\/wp\/v2\/users\/2"}],"replies":[{"embeddable":true,"href":"https:\/\/migracao.redenoticia.com.br\/noticia\/wp-json\/wp\/v2\/comments?post=98763"}],"version-history":[{"count":0,"href":"https:\/\/migracao.redenoticia.com.br\/noticia\/wp-json\/wp\/v2\/posts\/98763\/revisions"}],"wp:featuredmedia":[{"embeddable":true,"href":"https:\/\/migracao.redenoticia.com.br\/noticia\/wp-json\/wp\/v2\/media\/36938"}],"wp:attachment":[{"href":"https:\/\/migracao.redenoticia.com.br\/noticia\/wp-json\/wp\/v2\/media?parent=98763"}],"wp:term":[{"taxonomy":"category","embeddable":true,"href":"https:\/\/migracao.redenoticia.com.br\/noticia\/wp-json\/wp\/v2\/categories?post=98763"},{"taxonomy":"post_tag","embeddable":true,"href":"https:\/\/migracao.redenoticia.com.br\/noticia\/wp-json\/wp\/v2\/tags?post=98763"}],"curies":[{"name":"wp","href":"https:\/\/api.w.org\/{rel}","templated":true}]}}