{"id":9877,"date":"2009-08-27T17:46:54","date_gmt":"2009-08-27T21:46:54","guid":{"rendered":"http:\/\/www.redenoticia.com.br\/noticia\/?p=9877"},"modified":"2009-08-27T17:46:54","modified_gmt":"2009-08-27T21:46:54","slug":"sbt-divulga-que-eliana-e-sergio-rangel-chamam-atencao-para-natureza","status":"publish","type":"post","link":"https:\/\/migracao.redenoticia.com.br\/noticia\/2009\/sbt-divulga-que-eliana-e-sergio-rangel-chamam-atencao-para-natureza\/9877","title":{"rendered":"SBT divulga que Eliana e S\u00e9rgio Rangel chamam aten\u00e7\u00e3o para natureza"},"content":{"rendered":"<p>SBT &#8211; No pr\u00f3ximo domingo, 30 de agosto, \u00e0s 15h, Eliana faz sua estreia no SBT com um programa especial para toda fam\u00edlia. Dentre as atra\u00e7\u00f5es, est\u00e1 seu velho companheiro S\u00e9rgio Rangel, que j\u00e1 inclusive trabalhou com Eliana na TV Animal. Eles acabam de voltar de Gal\u00e1pagos, onde gravaram a reportagem de estr\u00e9ia no SBT. &#8220;Eu trabalho com o S\u00e9rgio Rangel h\u00e1 16 anos e pela primeira vez eu o vi t\u00e3o emocionado. Estar de frente com as tartarugas gigantes deixou o S\u00e9rgio bem emocionado e eu fiquei bem feliz. A viagem foi linda&#8221;, conta Eliana \u00e0 reportagem do SBT..<\/p>\n<p>O bi\u00f3logo fala que o objetivo do quadro &#8220;Di\u00e1rio de Viagem&#8221; \u00e9 chamar a aten\u00e7\u00e3o do p\u00fablico para o meio-ambiente. &#8220;A gente percebe que hoje o pessoal tem cada vez menos contato com a natureza, ent\u00e3o nossa ideia \u00e9 plantar uma sementinha de paix\u00e3o&#8221;, explica Rangel.<\/p>\n<p>E os dois prometem novidades no SBT atrav\u00e9s do quadro. &#8220;Diferente de antes, n\u00f3s vamos mostrar todas as dificuldades da viagem, num estilo de reality show&#8221;, adianta Eliana.<\/p>\n<p>Entre as atra\u00e7\u00f5es da estreia de Eliana no SBT, no pr\u00f3ximo domingo, 30 de agosto, est\u00e1 a turma do Ci\u00eancia em Show. O trio de professores cientistas da USP, Daniel Angelo dos Santos, Gerson dos Santos Juli\u00e3o e Wilson Pereira J\u00fanior, far\u00e1, no palco e na \u00e1rea externa do Complexo da Anhanguera do SBT, grandes experi\u00eancias.<\/p>\n<p>SBT &#8211; Eliana<\/p>\n","protected":false},"excerpt":{"rendered":"<p>SBT &#8211; No pr\u00f3ximo domingo, 30 de agosto, \u00e0s 15h, Eliana faz sua estreia no SBT com um programa especial para toda fam\u00edlia. Dentre as atra\u00e7\u00f5es, est\u00e1 seu velho companheiro S\u00e9rgio Rangel, que j\u00e1 inclusive trabalhou com Eliana na TV Animal. Eles acabam de voltar de Gal\u00e1pagos, onde gravaram a reportagem de estr\u00e9ia no SBT. [&hellip;]<\/p>\n","protected":false},"author":3,"featured_media":0,"comment_status":"open","ping_status":"open","sticky":false,"template":"","format":"standard","meta":{"tdm_status":"","tdm_grid_status":"","footnotes":""},"categories":[22,343],"tags":[],"class_list":{"0":"post-9877","1":"post","2":"type-post","3":"status-publish","4":"format-standard","6":"category-brasil","7":"category-televisao"},"_links":{"self":[{"href":"https:\/\/migracao.redenoticia.com.br\/noticia\/wp-json\/wp\/v2\/posts\/9877","targetHints":{"allow":["GET"]}}],"collection":[{"href":"https:\/\/migracao.redenoticia.com.br\/noticia\/wp-json\/wp\/v2\/posts"}],"about":[{"href":"https:\/\/migracao.redenoticia.com.br\/noticia\/wp-json\/wp\/v2\/types\/post"}],"author":[{"embeddable":true,"href":"https:\/\/migracao.redenoticia.com.br\/noticia\/wp-json\/wp\/v2\/users\/3"}],"replies":[{"embeddable":true,"href":"https:\/\/migracao.redenoticia.com.br\/noticia\/wp-json\/wp\/v2\/comments?post=9877"}],"version-history":[{"count":0,"href":"https:\/\/migracao.redenoticia.com.br\/noticia\/wp-json\/wp\/v2\/posts\/9877\/revisions"}],"wp:attachment":[{"href":"https:\/\/migracao.redenoticia.com.br\/noticia\/wp-json\/wp\/v2\/media?parent=9877"}],"wp:term":[{"taxonomy":"category","embeddable":true,"href":"https:\/\/migracao.redenoticia.com.br\/noticia\/wp-json\/wp\/v2\/categories?post=9877"},{"taxonomy":"post_tag","embeddable":true,"href":"https:\/\/migracao.redenoticia.com.br\/noticia\/wp-json\/wp\/v2\/tags?post=9877"}],"curies":[{"name":"wp","href":"https:\/\/api.w.org\/{rel}","templated":true}]}}