{"id":98864,"date":"2016-11-04T20:04:11","date_gmt":"2016-11-04T22:04:11","guid":{"rendered":"http:\/\/www.redenoticia.com.br\/noticia\/?p=98864"},"modified":"2016-11-03T14:05:06","modified_gmt":"2016-11-03T16:05:06","slug":"novela-sila-resumo-0511-sila-decide-ter-o-bebe","status":"publish","type":"post","link":"https:\/\/migracao.redenoticia.com.br\/noticia\/2016\/novela-sila-resumo-0511-sila-decide-ter-o-bebe\/98864","title":{"rendered":"Novela \u201cSila\u201d resumo 05\/11: Sila decide ter o beb\u00ea"},"content":{"rendered":"<p> <img loading=\"lazy\" decoding=\"async\" class=\"alignleft size-thumbnail wp-image-83098\" src=\"https:\/\/migracao.redenoticia.com.br\/noticia\/imagens\/sila_band_novela_resumo_capitulo-150x112.jpg\" alt=\"sila_band_novela_resumo_capitulo\" width=\"150\" height=\"112\" srcset=\"https:\/\/migracao.redenoticia.com.br\/noticia\/imagens\/sila_band_novela_resumo_capitulo-150x112.jpg 150w, https:\/\/migracao.redenoticia.com.br\/noticia\/imagens\/sila_band_novela_resumo_capitulo-265x198.jpg 265w\" sizes=\"auto, (max-width: 150px) 100vw, 150px\" \/><strong><em> Novela \u201cSila\u201d resumo 05\/11<\/em><\/strong>: Bedar visita Sila no hospital e ela acorda. Sila descobre que ter\u00e1 que ficar em uma cadeira de rodas. Os m\u00e9dicos s\u00e3o claros e advertem que ela n\u00e3o poder\u00e1 andar at\u00e9 que eles a operam. Boran tira Sila do hospital para falar sobre a gravidez e a opera\u00e7\u00e3o. Sila chora, discorda de Boran e decide ter o beb\u00ea. Sila se esfor\u00e7a para mexer as pernas mas n\u00e3o consegue.<\/p>\n<p>No capitulo 174 (*), novela \u201cSila\u201d, s\u00e1bado, 05 de novembro &#8211; Sila permanece inconsciente no hospital. Os chefes do cl\u00e3 decidem fechar a escola de Sila. Boran decide que Sila n\u00e3o ter\u00e1 o beb\u00ea para poder se recuperar. Bedar visita Sila no hospital e ela acorda. Boran vai \u00e0 escola de Sila. Sila descobre que ter\u00e1 que ficar em uma cadeira de rodas. Os m\u00e9dicos s\u00e3o claros com o marido da Sila. Eles advertem que ela n\u00e3o poder\u00e1 andar at\u00e9 que eles a operam, mas Sila est\u00e1 gr\u00e1vida.<\/p>\n<p>Bedar vai at\u00e9 a f\u00e1brica para confirmar se Celil \u00e9 mesmo um dos s\u00f3cios. Boran tira Sila do hospital para falar sobre a gravidez e a opera\u00e7\u00e3o. Sila chora mas discorda de Boran e decide ter o beb\u00ea. Firuz visita Sila e conversa com o Boran sobre o boicote \u00e0 escola. Sila se esfor\u00e7a para mexer as pernas mas n\u00e3o consegue.<\/p>\n<p>Ayse promete casar-se com Hussein. Boran, o pai de Bedirhan, diz \u00e0 esposa que ela precisa passar pela cirurgia e voltar a caminhar, mas antes, deve abortar. Apesar dos argumentos de Bedar, Sila diz a sua m\u00e3e que n\u00e3o vai operar e, muito menos, abortar. Ela est\u00e1 empenhada em ter seus filhos, porque ela acredita que o sacrif\u00edcio n\u00e3o \u00e9 em v\u00e3o.<\/p>\n<p>(*) edi\u00e7\u00e3o da Band, Novela \u201cSila\u201d, sujeito a altera\u00e7\u00e3o de data e conte\u00fado.<\/p>\n","protected":false},"excerpt":{"rendered":"<p>Novela \u201cSila\u201d resumo 05\/11: Bedar visita Sila no hospital e ela acorda. Sila descobre que ter\u00e1 que ficar em uma cadeira de rodas. Os m\u00e9dicos s\u00e3o claros e advertem que ela n\u00e3o poder\u00e1 andar at\u00e9 que eles a operam. Boran tira Sila do hospital para falar sobre a gravidez e a opera\u00e7\u00e3o. Sila chora, discorda [&hellip;]<\/p>\n","protected":false},"author":2,"featured_media":83098,"comment_status":"open","ping_status":"closed","sticky":false,"template":"","format":"standard","meta":{"tdm_status":"","tdm_grid_status":"","footnotes":""},"categories":[390,379,343],"tags":[441],"class_list":{"0":"post-98864","1":"post","2":"type-post","3":"status-publish","4":"format-standard","5":"has-post-thumbnail","7":"category-band","8":"category-novelas","9":"category-televisao","10":"tag-resumo-do-dia"},"_links":{"self":[{"href":"https:\/\/migracao.redenoticia.com.br\/noticia\/wp-json\/wp\/v2\/posts\/98864","targetHints":{"allow":["GET"]}}],"collection":[{"href":"https:\/\/migracao.redenoticia.com.br\/noticia\/wp-json\/wp\/v2\/posts"}],"about":[{"href":"https:\/\/migracao.redenoticia.com.br\/noticia\/wp-json\/wp\/v2\/types\/post"}],"author":[{"embeddable":true,"href":"https:\/\/migracao.redenoticia.com.br\/noticia\/wp-json\/wp\/v2\/users\/2"}],"replies":[{"embeddable":true,"href":"https:\/\/migracao.redenoticia.com.br\/noticia\/wp-json\/wp\/v2\/comments?post=98864"}],"version-history":[{"count":0,"href":"https:\/\/migracao.redenoticia.com.br\/noticia\/wp-json\/wp\/v2\/posts\/98864\/revisions"}],"wp:featuredmedia":[{"embeddable":true,"href":"https:\/\/migracao.redenoticia.com.br\/noticia\/wp-json\/wp\/v2\/media\/83098"}],"wp:attachment":[{"href":"https:\/\/migracao.redenoticia.com.br\/noticia\/wp-json\/wp\/v2\/media?parent=98864"}],"wp:term":[{"taxonomy":"category","embeddable":true,"href":"https:\/\/migracao.redenoticia.com.br\/noticia\/wp-json\/wp\/v2\/categories?post=98864"},{"taxonomy":"post_tag","embeddable":true,"href":"https:\/\/migracao.redenoticia.com.br\/noticia\/wp-json\/wp\/v2\/tags?post=98864"}],"curies":[{"name":"wp","href":"https:\/\/api.w.org\/{rel}","templated":true}]}}