{"id":989,"date":"2009-04-30T12:07:20","date_gmt":"2009-04-30T16:07:20","guid":{"rendered":"http:\/\/www.redenoticia.com.br\/noticia\/?p=989"},"modified":"2009-04-30T12:07:20","modified_gmt":"2009-04-30T16:07:20","slug":"educar-e-dar-limites","status":"publish","type":"post","link":"https:\/\/migracao.redenoticia.com.br\/noticia\/2009\/educar-e-dar-limites\/989","title":{"rendered":"Educar \u00e9 dar Limites"},"content":{"rendered":"<p class=\"MsoNormal\" style=\"margin: 7.5pt 0cm; background: white none repeat scroll 0%; line-height: 13.5pt;\"><span style=\"font-family: Arial;\"><a href=\"https:\/\/migracao.redenoticia.com.br\/noticia\/imagens\/\/zeca.jpg\"><img loading=\"lazy\" decoding=\"async\" class=\"alignleft size-medium wp-image-990\" title=\"zeca\" src=\"https:\/\/migracao.redenoticia.com.br\/noticia\/imagens\/\/zeca-249x187.jpg\" alt=\"zeca\" width=\"249\" height=\"187\" \/><\/a>A fam\u00edlia do Zeca, da novela Caminho das \u00cdndias, \u00e9 um exemplo da fragilidade dos pais para disciplinar e formar cidad\u00e3os com \u00e9tica e car\u00e1ter<\/span><\/p>\n<p class=\"MsoNormal\" style=\"background: white none repeat scroll 0%; line-height: 13.5pt;\"><span style=\"font-family: Arial; display: none;\">&#8212;-Ferramentas &#8212;&#8211;<\/span><\/p>\n<p class=\"MsoNormal\" style=\"background: white none repeat scroll 0%; line-height: 13.5pt;\"><span style=\"font-family: Arial; display: none;\">&#8212;&#8211;FIM Ferramentas &#8212;&#8211;<\/span><\/p>\n<p class=\"MsoNormal\" style=\"background: white none repeat scroll 0%; line-height: 13.5pt;\"><span style=\"font-family: Arial; display: none;\">&#8212;&#8211;FIM Ferramentas &#8212;&#8211;<\/span><\/p>\n<p class=\"MsoNormal\" style=\"margin: 6pt 0cm 15pt; background: white none repeat scroll 0%; line-height: 13.5pt;\"><span style=\"font-family: Arial;\">D\u00e1 um embrulho no est\u00f4mago ver como Cesar (Antonio Calloni) e Ilana (Ana Bea-triz Nogueira) tratam Zeca (Duda Nagle) em Caminho das \u00cdndias, n\u00e3o d\u00e1? Sabe por qu\u00ea? \u00c9 que pais como eles n\u00e3o existem s\u00f3 nas novelas. Todos os dias, aparecem nos jornais casos de adolescentes que surram empregadas dom\u00e9sticas, se envolvem com tr\u00e1fico de drogas ou passam trotes em faculdades at\u00e9 machucar os colegas. E pior: muitos pais defendem esses jovens.<\/p>\n<p>&#8220;Eles geram os pit bulls. Ningu\u00e9m pode respeitar o semelhante se n\u00e3o aprender quais s\u00e3o os pr\u00f3prios limites. Isso inclui respeitar os pr\u00f3prios pais&#8221;, afirma a pesquisadora e mestre em educa\u00e7\u00e3o, Tania Zagury, autora de v\u00e1rios livros sobre o assunto.<\/span><\/p>\n<p class=\"MsoNormal\" style=\"margin: 11.25pt 0cm; background: white none repeat scroll 0%; line-height: 13.5pt;\"><strong><span style=\"font-family: Arial;\">A decep\u00e7\u00e3o faz bem<\/span><\/strong><\/p>\n<p class=\"MsoNormal\" style=\"margin: 6pt 0cm 15pt; background: white none repeat scroll 0%; line-height: 13.5pt;\"><span style=\"font-family: Arial;\">Antonio Calloni, que interpreta o pol\u00eamico Cesar, faz quest\u00e3o de dizer que age de uma maneira bem diferente com o filho, Pedro, de 14 anos. &#8220;Conversamos sobre tudo, mas quando digo n\u00e3o ele entende.&#8221;<\/p>\n<p>E se n\u00e3o entender? &#8220;Paci\u00eancia. Ficar frustrado faz parte da vida. E os pais n\u00e3o precisam ter medo de deixar os filhos se decepcionarem&#8221;, completa Calloni. Afinal, as crian\u00e7as e adolescentes de hoje s\u00e3o os homens do amanh\u00e3.<\/span><\/p>\n<p class=\"MsoNormal\" style=\"margin: 11.25pt 0cm; background: white none repeat scroll 0%; line-height: 13.5pt;\"><strong><span style=\"font-family: Arial;\">Disciplinar n\u00e3o \u00e9 bater<\/span><\/strong><\/p>\n<p class=\"MsoNormal\" style=\"margin: 6pt 0cm 15pt; background: white none repeat scroll 0%; line-height: 13.5pt;\"><span style=\"font-family: Arial;\">A famosa palmadinha pode n\u00e3o adiantar na hora de impor limites. \u00c9 o que Tania Zagury explica no livro Limites sem Trauma (ed. Record). &#8220;Quem bate d\u00e1 uma verdadeira aula de falta de limites pr\u00f3prios e at\u00e9 de covardia&#8221;, escreve Tania. E pior: depois, quando se acalmam, os pais acabam se sentindo culpados e afrouxam os limites de novo.\u00a0 &#8220;Zeca criou uma vis\u00e3o deturpada da realidade &#8211; ele pode tudo. Quando ele se voltar contra os pais, ser\u00e1 dif\u00edcil controlar&#8221; , diz\u00a0 Tanya Zagury, educadora.<\/span><\/p>\n<p class=\"MsoNormal\" style=\"margin: 11.25pt 0cm; background: white none repeat scroll 0%; line-height: 13.5pt;\"><span style=\"font-family: Arial;\">3 frases absurdas de Cesar<\/span><\/p>\n<p class=\"MsoNormal\" style=\"margin: 6pt 0cm 15pt; background: white none repeat scroll 0%; line-height: 13.5pt;\"><em><span style=\"font-family: Arial;\">&#8220;Se n\u00e3o entrar naquele col\u00e9gio na moral, vai entrar por for\u00e7a de uma liminar, mas entra&#8221;<\/span><\/em><span style=\"font-family: Arial;\"><\/p>\n<p>Quando Zeca \u00e9 suspenso por atirar um estojo na professora<\/p>\n<p><em>&#8220;Pobre tem duas manias chatas, meu filho: fazer anivers\u00e1rio todo ano e comer todo dia&#8221;<\/em><\/p>\n<p>Referindo-se ao rapaz que tinha sido atingido com uma lata por Zeca na rua<\/p>\n<p><em>&#8220;Amea\u00e7am p\u00f4r um jovem na cadeia por causa de uma brincadeira besta: amassar uma lixeira. Grande coisa!&#8221;<br \/>\n<\/em><br \/>\nQuando Zeca foi preso por vandalismo e agress\u00e3o a um jovem<\/span><\/p>\n<p class=\"MsoNormal\" style=\"margin: 11.25pt 0cm; background: white none repeat scroll 0%; line-height: 13.5pt;\"><strong><span style=\"font-family: Arial;\">O passo-a-passo para dizer N\u00c3O<\/span><\/strong><\/p>\n<p class=\"MsoNormal\" style=\"margin: 6pt 0cm 15pt; background: white none repeat scroll 0%; line-height: 13.5pt;\"><em><span style=\"font-family: Arial;\">Lute<\/span><\/em><span style=\"font-family: Arial;\"><br \/>\n<\/span><span style=\"font-family: Arial;\"><br \/>\nMuitas vezes, ouvir um n\u00e3o vai fazer a crian\u00e7a ou o jovem brigar, xingar. Fique pronta para essa luta, com convic\u00e7\u00e3o de que vale a pena.<\/p>\n<p><em><span>Acredite<\/span><\/em><\/p>\n<p>\u00c9 importante ter certeza de que esse n\u00e3o \u00e9 para o bem do seu filho.<\/p>\n<p><em><span>Seja coerente<\/span><\/em><\/p>\n<p>As pessoas envolvidas na cria\u00e7\u00e3o do pequeno devem agir da mesma maneira, respeitando uns aos outros.<\/p>\n<p><em><span>Dialogue<\/span> <\/em><\/p>\n<p>Explique as consequ\u00eancias do que seu filho quer fazer.<\/p>\n<p><em><span>Execute<\/span><br \/>\n<\/em><br \/>\nDepois de tudo, a crian\u00e7a continua teimando? Est\u00e1 na hora de aplicar uma puni\u00e7\u00e3o. N\u00e3o precisa ser nada terr\u00edvel, mas adequado ao erro e \u00e0 idade da crian\u00e7a.<\/span><\/p>\n<p class=\"MsoNormal\" style=\"background: white none repeat scroll 0%; line-height: 13.5pt;\"><span style=\"font-family: Arial;\"> <span>Conte\u00fado do site <span style=\"color: windowtext; text-decoration: none;\">AnaMaria<\/span><\/span> <\/span><\/p>\n","protected":false},"excerpt":{"rendered":"<p>A fam\u00edlia do Zeca, da novela Caminho das \u00cdndias, \u00e9 um exemplo da fragilidade dos pais para disciplinar e formar cidad\u00e3os com \u00e9tica e car\u00e1ter &#8212;-Ferramentas &#8212;&#8211; &#8212;&#8211;FIM Ferramentas &#8212;&#8211; &#8212;&#8211;FIM Ferramentas &#8212;&#8211; D\u00e1 um embrulho no est\u00f4mago ver como Cesar (Antonio Calloni) e Ilana (Ana Bea-triz Nogueira) tratam Zeca (Duda Nagle) em Caminho das [&hellip;]<\/p>\n","protected":false},"author":3,"featured_media":0,"comment_status":"open","ping_status":"open","sticky":false,"template":"","format":"standard","meta":{"tdm_status":"","tdm_grid_status":"","footnotes":""},"categories":[22],"tags":[],"class_list":{"0":"post-989","1":"post","2":"type-post","3":"status-publish","4":"format-standard","6":"category-brasil"},"_links":{"self":[{"href":"https:\/\/migracao.redenoticia.com.br\/noticia\/wp-json\/wp\/v2\/posts\/989","targetHints":{"allow":["GET"]}}],"collection":[{"href":"https:\/\/migracao.redenoticia.com.br\/noticia\/wp-json\/wp\/v2\/posts"}],"about":[{"href":"https:\/\/migracao.redenoticia.com.br\/noticia\/wp-json\/wp\/v2\/types\/post"}],"author":[{"embeddable":true,"href":"https:\/\/migracao.redenoticia.com.br\/noticia\/wp-json\/wp\/v2\/users\/3"}],"replies":[{"embeddable":true,"href":"https:\/\/migracao.redenoticia.com.br\/noticia\/wp-json\/wp\/v2\/comments?post=989"}],"version-history":[{"count":0,"href":"https:\/\/migracao.redenoticia.com.br\/noticia\/wp-json\/wp\/v2\/posts\/989\/revisions"}],"wp:attachment":[{"href":"https:\/\/migracao.redenoticia.com.br\/noticia\/wp-json\/wp\/v2\/media?parent=989"}],"wp:term":[{"taxonomy":"category","embeddable":true,"href":"https:\/\/migracao.redenoticia.com.br\/noticia\/wp-json\/wp\/v2\/categories?post=989"},{"taxonomy":"post_tag","embeddable":true,"href":"https:\/\/migracao.redenoticia.com.br\/noticia\/wp-json\/wp\/v2\/tags?post=989"}],"curies":[{"name":"wp","href":"https:\/\/api.w.org\/{rel}","templated":true}]}}