{"id":98951,"date":"2016-11-07T06:15:13","date_gmt":"2016-11-07T08:15:13","guid":{"rendered":"http:\/\/www.redenoticia.com.br\/noticia\/?p=98951"},"modified":"2016-11-04T16:16:41","modified_gmt":"2016-11-04T18:16:41","slug":"sirio-libanes-abre-inscricoes-para-pos-graduacao-em-saude","status":"publish","type":"post","link":"https:\/\/migracao.redenoticia.com.br\/noticia\/2016\/sirio-libanes-abre-inscricoes-para-pos-graduacao-em-saude\/98951","title":{"rendered":"S\u00edrio-Liban\u00eas abre inscri\u00e7\u00f5es para p\u00f3s-gradua\u00e7\u00e3o em Sa\u00fade"},"content":{"rendered":"<p>Ag\u00eancia FAPESP \u2013 O <strong><em>Instituto S\u00edrio-Liban\u00eas de Ensino e Pesquisa<\/em><\/strong> (IEP\/HSL) est\u00e1 com as inscri\u00e7\u00f5es abertas para a p\u00f3s-gradua\u00e7\u00e3o lato sensu 2017. S\u00e3o 17 cursos divididos em especializa\u00e7\u00e3o e aperfei\u00e7oamento, destinados a m\u00e9dicos, enfermeiros, gestores e outros profissionais de sa\u00fade.<\/p>\n<p>Entre as especializa\u00e7\u00f5es est\u00e3o Cirurgia Urol\u00f3gica Minimamente Invasiva, Cuidados ao Paciente com Dor, Endometriose e Ginecologia Minimamente Invasiva, Endoscopia Digestiva Terap\u00eautica, Gest\u00e3o da Aten\u00e7\u00e3o \u00e0 Sa\u00fade e Inform\u00e1tica em Sa\u00fade.<\/p>\n<p>A p\u00f3s-gradua\u00e7\u00e3o em Cuidados Paliativos \u00e9 oferecida nas modalidades Especializa\u00e7\u00e3o e Aperfei\u00e7oamento.<\/p>\n<p>Segundo os organizadores, nos cursos s\u00e3o utilizadas ferramentas de ensino-aprendizagem e metodologias h\u00edbridas, envolvendo simula\u00e7\u00e3o real\u00edstica, design thinking e jogos. Os alunos s\u00e3o estimulados a produzir novos conhecimentos, tecnologias e inova\u00e7\u00e3o em sa\u00fade.<\/p>\n<p>A sele\u00e7\u00e3o dos candidatos ocorrer\u00e1 por meio de provas, an\u00e1lise de curr\u00edculo e entrevistas.<\/p>\n<p>Mais informa\u00e7\u00f5es e inscri\u00e7\u00f5es: <\/p>\n<p>&#8212;<\/p>\n<p>A p\u00f3s-gradua\u00e7\u00e3o lato Sensu do Instituto S\u00edrio-Liban\u00eas de Ensino e Pesquisa, \u00a0busca despertar em cada aluno a necessidade do aprendizado cont\u00ednuo, de aprimorar suas habilidades, produzir e compartilhar conhecimentos, de conhecer mais para cuidar melhor.\u00a0Os programas utilizam metodologias ativas h\u00edbridas de aprendizagem que melhor se adaptam a cada forma\u00e7\u00e3o e que possibilitam ao profissional cada vez mais estar mais preparado para os desafios da \u00e1rea da sa\u00fade em constante transforma\u00e7\u00e3o. Por meio de conte\u00fados te\u00f3ricos, simula\u00e7\u00f5es de pr\u00e1ticas, e experi\u00eancias em campo, \u00a0permite que o aluno aumente suas oportunidades no mercado e seu networking. Toda a programa\u00e7\u00e3o \u00e9 apoiada por uma infraestrutura moderna e de alta tecnologia, havendo coordena\u00e7\u00e3o e participa\u00e7\u00e3o direta e de profissionais renomados do Hospital S\u00edrio-Liban\u00eas e do mercado de trabalho em todas as atividades acad\u00eamicas.<\/p>\n","protected":false},"excerpt":{"rendered":"<p>Ag\u00eancia FAPESP \u2013 O Instituto S\u00edrio-Liban\u00eas de Ensino e Pesquisa (IEP\/HSL) est\u00e1 com as inscri\u00e7\u00f5es abertas para a p\u00f3s-gradua\u00e7\u00e3o lato sensu 2017. S\u00e3o 17 cursos divididos em especializa\u00e7\u00e3o e aperfei\u00e7oamento, destinados a m\u00e9dicos, enfermeiros, gestores e outros profissionais de sa\u00fade. Entre as especializa\u00e7\u00f5es est\u00e3o Cirurgia Urol\u00f3gica Minimamente Invasiva, Cuidados ao Paciente com Dor, Endometriose e [&hellip;]<\/p>\n","protected":false},"author":2,"featured_media":57579,"comment_status":"open","ping_status":"closed","sticky":false,"template":"","format":"standard","meta":{"tdm_status":"","tdm_grid_status":"","footnotes":""},"categories":[22,351,370],"tags":[],"class_list":{"0":"post-98951","1":"post","2":"type-post","3":"status-publish","4":"format-standard","5":"has-post-thumbnail","7":"category-brasil","8":"category-cursos","9":"category-inscricao"},"_links":{"self":[{"href":"https:\/\/migracao.redenoticia.com.br\/noticia\/wp-json\/wp\/v2\/posts\/98951","targetHints":{"allow":["GET"]}}],"collection":[{"href":"https:\/\/migracao.redenoticia.com.br\/noticia\/wp-json\/wp\/v2\/posts"}],"about":[{"href":"https:\/\/migracao.redenoticia.com.br\/noticia\/wp-json\/wp\/v2\/types\/post"}],"author":[{"embeddable":true,"href":"https:\/\/migracao.redenoticia.com.br\/noticia\/wp-json\/wp\/v2\/users\/2"}],"replies":[{"embeddable":true,"href":"https:\/\/migracao.redenoticia.com.br\/noticia\/wp-json\/wp\/v2\/comments?post=98951"}],"version-history":[{"count":0,"href":"https:\/\/migracao.redenoticia.com.br\/noticia\/wp-json\/wp\/v2\/posts\/98951\/revisions"}],"wp:featuredmedia":[{"embeddable":true,"href":"https:\/\/migracao.redenoticia.com.br\/noticia\/wp-json\/wp\/v2\/media\/57579"}],"wp:attachment":[{"href":"https:\/\/migracao.redenoticia.com.br\/noticia\/wp-json\/wp\/v2\/media?parent=98951"}],"wp:term":[{"taxonomy":"category","embeddable":true,"href":"https:\/\/migracao.redenoticia.com.br\/noticia\/wp-json\/wp\/v2\/categories?post=98951"},{"taxonomy":"post_tag","embeddable":true,"href":"https:\/\/migracao.redenoticia.com.br\/noticia\/wp-json\/wp\/v2\/tags?post=98951"}],"curies":[{"name":"wp","href":"https:\/\/api.w.org\/{rel}","templated":true}]}}