{"id":98963,"date":"2016-11-07T06:18:48","date_gmt":"2016-11-07T08:18:48","guid":{"rendered":"http:\/\/www.redenoticia.com.br\/noticia\/?p=98963"},"modified":"2016-11-04T16:19:37","modified_gmt":"2016-11-04T18:19:37","slug":"estudo-destaca-potencial-do-juca-contra-rugas-e-manchas-na-pele","status":"publish","type":"post","link":"https:\/\/migracao.redenoticia.com.br\/noticia\/2016\/estudo-destaca-potencial-do-juca-contra-rugas-e-manchas-na-pele\/98963","title":{"rendered":"Estudo destaca potencial do juc\u00e1 contra rugas e manchas na pele"},"content":{"rendered":"<p> Peter Moon \u00a0| \u00a0Ag\u00eancia FAPESP \u2013 O <strong><em>juc\u00e1<\/em><\/strong> (Libidibia ferrea), tamb\u00e9m conhecido como pau-ferro, \u00e9 uma \u00e1rvore amaz\u00f4nica de pequeno porte mas grande potencial. O p\u00f3 de sua casca \u00e9 usado como ch\u00e1 pela medicina tradicional da regi\u00e3o e para o tratamento de problemas no f\u00edgado ou no est\u00f4mago. Industrializado, o extrato da casca entra na composi\u00e7\u00e3o de diversas marcas de sabonete \u00edntimo, por conta de propriedades antiss\u00e9pticas.<\/p>\n<p>Sabia-se que o juc\u00e1 tem propriedades terap\u00eauticas. Um trabalho pioneiro de Emerson Silva Lima, professor na Universidade Federal do Amazonas (Ufam), publicado em 2014, mostrou que a casca e a vagem do juc\u00e1 possuem princ\u00edpios antioxidantes e que tamb\u00e9m poderiam apresentar efeitos no tratamento de problemas do f\u00edgado.<\/p>\n<p>A investiga\u00e7\u00e3o das propriedades do juc\u00e1 atingiu agora um novo patamar. Um artigo publicado no  destaca outros efeitos do juc\u00e1: antienvelhecimento e antipigmenta\u00e7\u00e3o.<\/p>\n<p>O artigo \u00e9 assinado por Lima e outros 13 pesquisadores da Ufam, da Universidade de S\u00e3o Paulo, da Universidade do Estado do Amazonas e das universidades Federais de S\u00e3o Paulo e do Par\u00e1.<\/p>\n<p>Segundo uma das autoras, , professora na Faculdade de Ci\u00eancias Farmac\u00eauticas da USP, o interesse na pesquisa espec\u00edfica se deu porque \u201cn\u00e3o existiam informa\u00e7\u00f5es sobre quais seriam os agentes antienvelhecimento na composi\u00e7\u00e3o do extrato de juc\u00e1\u201d.<\/p>\n<p>A primeira autora do artigo, Tatiana do Nascimento Pedrosa, orientanda de Maria-Engler e , aponta que, na busca por determinar o potencial cosm\u00e9tico do juc\u00e1, a pesquisa indicou um elevado potencial clareador e antienvelhecimento. \u201cO juc\u00e1 apresentou resultados excelentes in vitro\u201d, disse.<\/p>\n<p>Ao analisar os efeitos da aplica\u00e7\u00e3o do extrato de juc\u00e1 em c\u00e9lulas humanas in vitro, os pesquisadores perceberam o papel importante de um \u00e1cido espec\u00edfico. \u201cNo artigo, verificamos a presen\u00e7a de 18 agentes metab\u00f3licos presentes no juc\u00e1 e, na literatura, verificamos que a maior a\u00e7\u00e3o antioxidante se d\u00e1 por conta do \u00e1cido g\u00e1lico\u201d, disse Pedrosa.<\/p>\n<p>O \u00e1cido g\u00e1lico age sobre enzimas (tirosinase e colagenase) que atuam no envelhecimento e degradam o col\u00e1geno, o que, com o tempo, deixa a pele fl\u00e1cida, com rugas e com manchas.<\/p>\n<p>O processo de envelhecimento da pele \u00e9 consequ\u00eancia da incapacidade progressiva do sistema de defesa antioxidante em deter os efeitos danosos da a\u00e7\u00e3o oxidante nos tecidos. As consequ\u00eancias s\u00e3o a perda de elasticidade, a progressiva flacidez dos tecidos, o aparecimento de rugas e o surgimento de manchas na pele.<\/p>\n<p>A exposi\u00e7\u00e3o excessiva aos raios solares, \u00e0 polui\u00e7\u00e3o ambiental e h\u00e1bitos como o tabagismo aceleram o processo, por meio da produ\u00e7\u00e3o na pele de enzimas como a elastase e a colagenase, respons\u00e1veis pela degrada\u00e7\u00e3o dos principais componentes da matriz extracelular cut\u00e2nea: a elastina e o col\u00e1geno.<\/p>\n<p>O estudo tamb\u00e9m demonstrou a presen\u00e7a de epicatecina e catecina nos extratos. Trata-se de dois polifen\u00f3is com a\u00e7\u00e3o reconhecidamente inibidora da tirosinase.<\/p>\n<p>Os pesquisadores observaram no extrato de juc\u00e1 uma a\u00e7\u00e3o importante e segura, tanto clareadora como despigmentante. \u201cEle tem grande potencial e poder\u00e1 vir a ser usado em cremes com a\u00e7\u00e3o antienvelhecimento\u201d, disse Maria-Engler.<\/p>\n<p>O juc\u00e1 \u00e9 uma \u00e1rvore nativa do Brasil, amplamente distribu\u00edda nas regi\u00f5es Norte e Nordeste. As amostras utilizadas no estudo foram fornecidas pelo Instituto Nacional de Pesquisas da Amaz\u00f4nia e identificadas no herb\u00e1rio da institui\u00e7\u00e3o.<\/p>\n<p>Patente<\/p>\n<p>Um dos alvos priorit\u00e1rios da ind\u00fastria de cosm\u00e9ticos \u00e9 descobrir ou desenvolver novos antioxidantes. Uma vantagem no uso de produtos naturais reside na sua efic\u00e1cia e seguran\u00e7a com rela\u00e7\u00e3o aos antioxidantes sint\u00e9ticos.<\/p>\n<p>Ainda n\u00e3o existe pedido de patente sobre os compostos antioxidantes encontrados no juc\u00e1. Isso porque a condi\u00e7\u00e3o necess\u00e1ria para patentear \u00e9 isolar os princ\u00edpios ativos respons\u00e1veis pela nova terapia. \u201cEsse \u00e9 o pr\u00f3ximo passo da pesquisa. Apenas quando obtivermos essas subst\u00e2ncias isoladas \u00e9 que ser\u00e1 poss\u00edvel requerer uma patente\u201d, disse Pedrosa.<\/p>\n<p>A pesquisa foi realizada no laborat\u00f3rio dirigido por Maria-Engler, especializado no cultivo de pele artificial. \u201cA FAPESP \u00e9 respons\u00e1vel por 90% das verbas para a montagem do laborat\u00f3rio, incluindo cromat\u00f3grafo e espectr\u00f4metro que usamos no estudo\u201d, disse a professora.<\/p>\n<p>O estudo tamb\u00e9m teve apoio da Capes por meio do Programa Nacional de Coopera\u00e7\u00e3o Acad\u00eamica.<\/p>\n<p>O artigo Anti-wrinkle and anti-whitening effects of juc\u00e1 (Libidibia ferrea Mart.) extracts (doi: 10.1007\/s00403-016-1685-0), publicado no Archives of Dermatological Research (308 (9): 643-654), pode ser lido em .<\/p>\n","protected":false},"excerpt":{"rendered":"<p>Peter Moon \u00a0| \u00a0Ag\u00eancia FAPESP \u2013 O juc\u00e1 (Libidibia ferrea), tamb\u00e9m conhecido como pau-ferro, \u00e9 uma \u00e1rvore amaz\u00f4nica de pequeno porte mas grande potencial. O p\u00f3 de sua casca \u00e9 usado como ch\u00e1 pela medicina tradicional da regi\u00e3o e para o tratamento de problemas no f\u00edgado ou no est\u00f4mago. Industrializado, o extrato da casca entra [&hellip;]<\/p>\n","protected":false},"author":2,"featured_media":37376,"comment_status":"open","ping_status":"closed","sticky":false,"template":"","format":"standard","meta":{"tdm_status":"","tdm_grid_status":"","footnotes":""},"categories":[22,5],"tags":[],"class_list":{"0":"post-98963","1":"post","2":"type-post","3":"status-publish","4":"format-standard","5":"has-post-thumbnail","7":"category-brasil","8":"category-saude-e-vida"},"_links":{"self":[{"href":"https:\/\/migracao.redenoticia.com.br\/noticia\/wp-json\/wp\/v2\/posts\/98963","targetHints":{"allow":["GET"]}}],"collection":[{"href":"https:\/\/migracao.redenoticia.com.br\/noticia\/wp-json\/wp\/v2\/posts"}],"about":[{"href":"https:\/\/migracao.redenoticia.com.br\/noticia\/wp-json\/wp\/v2\/types\/post"}],"author":[{"embeddable":true,"href":"https:\/\/migracao.redenoticia.com.br\/noticia\/wp-json\/wp\/v2\/users\/2"}],"replies":[{"embeddable":true,"href":"https:\/\/migracao.redenoticia.com.br\/noticia\/wp-json\/wp\/v2\/comments?post=98963"}],"version-history":[{"count":0,"href":"https:\/\/migracao.redenoticia.com.br\/noticia\/wp-json\/wp\/v2\/posts\/98963\/revisions"}],"wp:featuredmedia":[{"embeddable":true,"href":"https:\/\/migracao.redenoticia.com.br\/noticia\/wp-json\/wp\/v2\/media\/37376"}],"wp:attachment":[{"href":"https:\/\/migracao.redenoticia.com.br\/noticia\/wp-json\/wp\/v2\/media?parent=98963"}],"wp:term":[{"taxonomy":"category","embeddable":true,"href":"https:\/\/migracao.redenoticia.com.br\/noticia\/wp-json\/wp\/v2\/categories?post=98963"},{"taxonomy":"post_tag","embeddable":true,"href":"https:\/\/migracao.redenoticia.com.br\/noticia\/wp-json\/wp\/v2\/tags?post=98963"}],"curies":[{"name":"wp","href":"https:\/\/api.w.org\/{rel}","templated":true}]}}