{"id":99,"date":"2009-04-06T21:06:00","date_gmt":"2009-04-07T00:06:00","guid":{"rendered":"http:\/\/www.redenoticia.com.br\/noticia\/?p=99"},"modified":"2009-04-09T22:50:35","modified_gmt":"2009-04-10T01:50:35","slug":"iptu-de-ji-parana-nao-paga-coleta-de-lixo","status":"publish","type":"post","link":"https:\/\/migracao.redenoticia.com.br\/noticia\/2009\/iptu-de-ji-parana-nao-paga-coleta-de-lixo\/99","title":{"rendered":"IPTU  de Ji-Paran\u00e1 n\u00e3o paga coleta de lixo"},"content":{"rendered":"<p style=\"MARGIN: 0cm 0cm 0pt\">\u00a0<\/p>\n<p style=\"MARGIN: 0cm 0cm 0pt\"><img loading=\"lazy\" decoding=\"async\" class=\"alignleft\" src=\"http:\/\/farm4.static.flickr.com\/3556\/3419882418_d4451d3a00_m.jpg\" alt=\"\" width=\"240\" height=\"160\" \/>Em entrevista ao programa De Bem com a Vida apresentado pela Martinha, o prefeito de Ji-Paran\u00e1 Jos\u00e9 de Abreu Bianco (DEM) falou que a arrecada\u00e7\u00e3o de IPTU do ano passado foi muito abaixo do esperado. Segundo Bianco, &#8220;O valor arrecadado n\u00e3o paga a coleta de lixo&#8221;.<\/p>\n<p style=\"MARGIN: 0cm 0cm 0pt\">\u00a0<\/p>\n<p style=\"MARGIN: 0cm 0cm 0pt\">O carn\u00ea de 2009 est\u00e1 sendo entregue desde o m\u00eas passado e quem pagar a cota \u00fanica at\u00e9 o pr\u00f3ximodia 30 ter\u00e1 um desconto de 10%.<\/p>\n<p style=\"MARGIN: 0cm 0cm 0pt\">\u00a0<\/p>\n<p style=\"MARGIN: 0cm 0cm 0pt\">Um alerta importante sobre a d\u00edvida ativa \u00e9 para o contribuinte que deve IPTU ao munic\u00edpio h\u00e1 mais de um ano. O im\u00f3vel nesta situa\u00e7\u00e3o poder\u00e1 ser leiloado.<\/p>\n","protected":false},"excerpt":{"rendered":"<p>\u00a0 Em entrevista ao programa De Bem com a Vida apresentado pela Martinha, o prefeito de Ji-Paran\u00e1 Jos\u00e9 de Abreu Bianco (DEM) falou que a arrecada\u00e7\u00e3o de IPTU do ano passado foi muito abaixo do esperado. Segundo Bianco, &#8220;O valor arrecadado n\u00e3o paga a coleta de lixo&#8221;. \u00a0 O carn\u00ea de 2009 est\u00e1 sendo entregue [&hellip;]<\/p>\n","protected":false},"author":2,"featured_media":0,"comment_status":"open","ping_status":"open","sticky":false,"template":"","format":"standard","meta":{"tdm_status":"","tdm_grid_status":"","footnotes":""},"categories":[22],"tags":[],"class_list":{"0":"post-99","1":"post","2":"type-post","3":"status-publish","4":"format-standard","6":"category-brasil"},"_links":{"self":[{"href":"https:\/\/migracao.redenoticia.com.br\/noticia\/wp-json\/wp\/v2\/posts\/99","targetHints":{"allow":["GET"]}}],"collection":[{"href":"https:\/\/migracao.redenoticia.com.br\/noticia\/wp-json\/wp\/v2\/posts"}],"about":[{"href":"https:\/\/migracao.redenoticia.com.br\/noticia\/wp-json\/wp\/v2\/types\/post"}],"author":[{"embeddable":true,"href":"https:\/\/migracao.redenoticia.com.br\/noticia\/wp-json\/wp\/v2\/users\/2"}],"replies":[{"embeddable":true,"href":"https:\/\/migracao.redenoticia.com.br\/noticia\/wp-json\/wp\/v2\/comments?post=99"}],"version-history":[{"count":0,"href":"https:\/\/migracao.redenoticia.com.br\/noticia\/wp-json\/wp\/v2\/posts\/99\/revisions"}],"wp:attachment":[{"href":"https:\/\/migracao.redenoticia.com.br\/noticia\/wp-json\/wp\/v2\/media?parent=99"}],"wp:term":[{"taxonomy":"category","embeddable":true,"href":"https:\/\/migracao.redenoticia.com.br\/noticia\/wp-json\/wp\/v2\/categories?post=99"},{"taxonomy":"post_tag","embeddable":true,"href":"https:\/\/migracao.redenoticia.com.br\/noticia\/wp-json\/wp\/v2\/tags?post=99"}],"curies":[{"name":"wp","href":"https:\/\/api.w.org\/{rel}","templated":true}]}}