{"id":9900,"date":"2009-08-27T22:59:32","date_gmt":"2009-08-28T02:59:32","guid":{"rendered":"http:\/\/www.redenoticia.com.br\/noticia\/?p=9900"},"modified":"2009-08-30T14:40:45","modified_gmt":"2009-08-30T18:40:45","slug":"previsao-do-tempo-na-regiao-sudeste-de-28-a-3008","status":"publish","type":"post","link":"https:\/\/migracao.redenoticia.com.br\/noticia\/2009\/previsao-do-tempo-na-regiao-sudeste-de-28-a-3008\/9900","title":{"rendered":"Previs\u00e3o do tempo na Regi\u00e3o Sudeste de 28 a 30\/08"},"content":{"rendered":"<p>Previs\u00e3o do tempo na Regi\u00e3o Sudeste em 28\/08\/2009: No nordeste e sul de MG, sol entre muitas nuvens. Em SP e no leste do RJ: sol entre poucas nuvens. Nas demais \u00e1reas da Regi\u00e3o: nublado com pancadas de chuva a qualquer hora do dia. Em alguns pontos poder\u00e1 chover forte. As temperaturas m\u00e1ximas estar\u00e3o em eleva\u00e7\u00e3o na parte central de MG. Temperatura m\u00e1xima: 30C no noroeste de MG. Temperatura m\u00ednima: 10C na Serra da Mantiqueira.\u00a0<\/p>\n<p>Previs\u00e3o do tempo na Regi\u00e3o Sudeste em 29\/08\/2009: Em SP, no centro-sul do RJ e no extremo sul de MG, predom\u00ednio de sol. No norte do ES e no nordeste de MG: sol com varia\u00e7\u00e3o de nuvens e pancadas isoladas de chuva. No centro-sul do ES, no leste, noroeste e norte de MG: sol com nebulosidade vari\u00e1vel e uma pequena possibilidade de pancadas de chuva. Nas demais \u00e1reas da Regi\u00e3o: sol entre poucas nuvens. As temperaturas seguir\u00e3o est\u00e1veis.<\/p>\n<p>Tend\u00eancia 30\/08: No litoral norte do ES, inst\u00e1vel com nebulosidade vari\u00e1vel e uma pequena possibilidade de pancadas de chuva. Em SP, no sudeste de MG e no RJ: sol entre poucas nuvens. No centro-norte de MG: sol com varia\u00e7\u00e3o de nuvens e pancadas isoladas de chuva. Nas demais \u00e1reas da Regi\u00e3o: sol entre muitas nuvens. No sudoeste de MG: sol com nebulosidade vari\u00e1vel e uma pequena possibilidade de pancadas de chuva. As temperatura estar\u00e3o est\u00e1veis est\u00e1veis Nos pr\u00f3ximos dois dias a chuva diminuir\u00e1 na Regi\u00e3o passando a predom\u00ednio de sol em todos os Estados na Ter\u00e7a-feira.\u00a0<\/p>\n<p>CPTEC\/INPE<\/p>\n","protected":false},"excerpt":{"rendered":"<p>Previs\u00e3o do tempo na Regi\u00e3o Sudeste em 28\/08\/2009: No nordeste e sul de MG, sol entre muitas nuvens. Em SP e no leste do RJ: sol entre poucas nuvens. Nas demais \u00e1reas da Regi\u00e3o: nublado com pancadas de chuva a qualquer hora do dia. Em alguns pontos poder\u00e1 chover forte. As temperaturas m\u00e1ximas estar\u00e3o em [&hellip;]<\/p>\n","protected":false},"author":3,"featured_media":0,"comment_status":"open","ping_status":"open","sticky":false,"template":"","format":"standard","meta":{"tdm_status":"","tdm_grid_status":"","footnotes":""},"categories":[22,327],"tags":[],"class_list":{"0":"post-9900","1":"post","2":"type-post","3":"status-publish","4":"format-standard","6":"category-brasil","7":"category-clima"},"_links":{"self":[{"href":"https:\/\/migracao.redenoticia.com.br\/noticia\/wp-json\/wp\/v2\/posts\/9900","targetHints":{"allow":["GET"]}}],"collection":[{"href":"https:\/\/migracao.redenoticia.com.br\/noticia\/wp-json\/wp\/v2\/posts"}],"about":[{"href":"https:\/\/migracao.redenoticia.com.br\/noticia\/wp-json\/wp\/v2\/types\/post"}],"author":[{"embeddable":true,"href":"https:\/\/migracao.redenoticia.com.br\/noticia\/wp-json\/wp\/v2\/users\/3"}],"replies":[{"embeddable":true,"href":"https:\/\/migracao.redenoticia.com.br\/noticia\/wp-json\/wp\/v2\/comments?post=9900"}],"version-history":[{"count":0,"href":"https:\/\/migracao.redenoticia.com.br\/noticia\/wp-json\/wp\/v2\/posts\/9900\/revisions"}],"wp:attachment":[{"href":"https:\/\/migracao.redenoticia.com.br\/noticia\/wp-json\/wp\/v2\/media?parent=9900"}],"wp:term":[{"taxonomy":"category","embeddable":true,"href":"https:\/\/migracao.redenoticia.com.br\/noticia\/wp-json\/wp\/v2\/categories?post=9900"},{"taxonomy":"post_tag","embeddable":true,"href":"https:\/\/migracao.redenoticia.com.br\/noticia\/wp-json\/wp\/v2\/tags?post=9900"}],"curies":[{"name":"wp","href":"https:\/\/api.w.org\/{rel}","templated":true}]}}