{"id":9902,"date":"2009-08-27T23:02:11","date_gmt":"2009-08-28T03:02:11","guid":{"rendered":"http:\/\/www.redenoticia.com.br\/noticia\/?p=9902"},"modified":"2009-08-30T14:41:28","modified_gmt":"2009-08-30T18:41:28","slug":"previsao-do-tempo-na-regiao-sul-de-28-a-3008","status":"publish","type":"post","link":"https:\/\/migracao.redenoticia.com.br\/noticia\/2009\/previsao-do-tempo-na-regiao-sul-de-28-a-3008\/9902","title":{"rendered":"Previs\u00e3o do tempo na Regi\u00e3o Sul de 28 a 30\/08"},"content":{"rendered":"<p>Previs\u00e3o do tempo na Regi\u00e3o Sul em 28\/08\/2009: No centro-norte e leste do PR, sol entre poucas nuvens. Nas demais \u00e1rea do PR, no RS e em SC: predom\u00ednio de sol. Possibilidade de nevoeiro na madrugada e ao amanhecer em pontos isolados da Regi\u00e3o. As temperaturas estar\u00e3o est\u00e1veis. Temperatura m\u00e1xima: 26C no sul do RS. Temperatura m\u00ednima: 05C na Serra Geral.\u00a0<\/p>\n<p>Previs\u00e3o do tempo na Regi\u00e3o Sul em 29\/08\/2009: Em todos os Estados da Regi\u00e3o Sul, predom\u00ednio de sol. As temperaturas estar\u00e3o est\u00e1veis.<\/p>\n<p>Tend\u00eancia 30\/08: Em todos os Estados da Regi\u00e3o: predom\u00ednio de sol. As temperaturas seguir\u00e3o est\u00e1veis. No dia 31\/08\/2009 haver\u00e1 uma pequena possibilidade de pancadas de chuva no sul e no sudoeste do RS. No dia 01\/09\/2009 voltar\u00e1 a chover em todo o RS.<\/p>\n<p>O Centro de Previs\u00e3o de Tempo e Estudos Clim\u00e1ticos \u2013 CPTEC, do Instituto Nacional de Pesquisas Espaciais \u2013 INPE \u00e9 o passaporte do Brasil para o primeiro mundo das previs\u00f5es meteorol\u00f3gicas. Os supercomputadores vetoriais SX-6 e SX-4 fabricados pela NEC Corporation do Jap\u00e3o, possuem capacidade de processar at\u00e9 768 bilh\u00f5es e 16 bilh\u00f5es de opera\u00e7\u00f5es aritm\u00e9ticas em ponto flutuante por segundo respectivamente. Recentemente adquirido da \u201cNEC Corporation do Jap\u00e3o\u201d um cluster com 1100 processadores fabricado pela \u201cSUN Microsystem\u201d com a capacidade de processar at\u00e9 5.7 trilh\u00f5es de opera\u00e7\u00f5es aritm\u00e9ticas em ponto flutuante por segundo. Isso significa possibilidade de utilizar modelos num\u00e9ricos para simula\u00e7\u00e3o de tempo e clima, integrando informa\u00e7\u00f5es atmosf\u00e9ricas e oce\u00e2nicas. O resultado disso s\u00e3o previs\u00f5es de tempo confi\u00e1veis, para todo o pa\u00eds.\u00a0\u00a0<\/p>\n<p>\u00a0CPTEC\/INPE<\/p>\n","protected":false},"excerpt":{"rendered":"<p>Previs\u00e3o do tempo na Regi\u00e3o Sul em 28\/08\/2009: No centro-norte e leste do PR, sol entre poucas nuvens. Nas demais \u00e1rea do PR, no RS e em SC: predom\u00ednio de sol. Possibilidade de nevoeiro na madrugada e ao amanhecer em pontos isolados da Regi\u00e3o. As temperaturas estar\u00e3o est\u00e1veis. Temperatura m\u00e1xima: 26C no sul do RS. [&hellip;]<\/p>\n","protected":false},"author":3,"featured_media":0,"comment_status":"open","ping_status":"open","sticky":false,"template":"","format":"standard","meta":{"tdm_status":"","tdm_grid_status":"","footnotes":""},"categories":[22,327],"tags":[],"class_list":{"0":"post-9902","1":"post","2":"type-post","3":"status-publish","4":"format-standard","6":"category-brasil","7":"category-clima"},"_links":{"self":[{"href":"https:\/\/migracao.redenoticia.com.br\/noticia\/wp-json\/wp\/v2\/posts\/9902","targetHints":{"allow":["GET"]}}],"collection":[{"href":"https:\/\/migracao.redenoticia.com.br\/noticia\/wp-json\/wp\/v2\/posts"}],"about":[{"href":"https:\/\/migracao.redenoticia.com.br\/noticia\/wp-json\/wp\/v2\/types\/post"}],"author":[{"embeddable":true,"href":"https:\/\/migracao.redenoticia.com.br\/noticia\/wp-json\/wp\/v2\/users\/3"}],"replies":[{"embeddable":true,"href":"https:\/\/migracao.redenoticia.com.br\/noticia\/wp-json\/wp\/v2\/comments?post=9902"}],"version-history":[{"count":0,"href":"https:\/\/migracao.redenoticia.com.br\/noticia\/wp-json\/wp\/v2\/posts\/9902\/revisions"}],"wp:attachment":[{"href":"https:\/\/migracao.redenoticia.com.br\/noticia\/wp-json\/wp\/v2\/media?parent=9902"}],"wp:term":[{"taxonomy":"category","embeddable":true,"href":"https:\/\/migracao.redenoticia.com.br\/noticia\/wp-json\/wp\/v2\/categories?post=9902"},{"taxonomy":"post_tag","embeddable":true,"href":"https:\/\/migracao.redenoticia.com.br\/noticia\/wp-json\/wp\/v2\/tags?post=9902"}],"curies":[{"name":"wp","href":"https:\/\/api.w.org\/{rel}","templated":true}]}}