{"id":99033,"date":"2016-11-06T12:06:46","date_gmt":"2016-11-06T14:06:46","guid":{"rendered":"http:\/\/www.redenoticia.com.br\/noticia\/?p=99033"},"modified":"2016-11-06T12:06:46","modified_gmt":"2016-11-06T14:06:46","slug":"novela-lagrimas-de-amor-resumo-0711-regina-teme-reacao-de-patricio","status":"publish","type":"post","link":"https:\/\/migracao.redenoticia.com.br\/noticia\/2016\/novela-lagrimas-de-amor-resumo-0711-regina-teme-reacao-de-patricio\/99033","title":{"rendered":"Novela \u201cL\u00e1grimas de Amor\u201d resumo 07\/11: Regina teme rea\u00e7\u00e3o de Patr\u00edcio"},"content":{"rendered":"<p> <img loading=\"lazy\" decoding=\"async\" class=\"alignleft size-thumbnail wp-image-96552\" src=\"https:\/\/migracao.redenoticia.com.br\/noticia\/imagens\/lagrimas_de_amor_novela_resumo_SBT-150x112.jpg\" alt=\"lagrimas_de_amor_novela_resumo_sbt\" width=\"150\" height=\"112\" srcset=\"https:\/\/migracao.redenoticia.com.br\/noticia\/imagens\/lagrimas_de_amor_novela_resumo_SBT-150x112.jpg 150w, https:\/\/migracao.redenoticia.com.br\/noticia\/imagens\/lagrimas_de_amor_novela_resumo_SBT-265x198.jpg 265w\" sizes=\"auto, (max-width: 150px) 100vw, 150px\" \/><strong><em>Novela \u201cL\u00e1grimas de Amor\u201d resumo 07\/11<\/em><\/strong>: Edmundo descobre que Patr\u00edcio \u00e9 filho de outro homem e, por isso, pergunta a Regina porque nunca lhes disse a verdade. Logo depois, Regina diz a In\u00e1cio que se apaixonou pelo pai de Patr\u00edcio e todos choram. Mais tarde, Julieta conversa com Regina e diz que Edmundo vai demorar a aceitar a realidade, mas Regina diz que se preocupa mais com a rea\u00e7\u00e3o de Patr\u00edcio, se ele descobrir a verdade.<\/p>\n<p>No cap\u00edtulo 026(*), novela \u201cL\u00e1grimas de Amor\u201d, segunda-feira, 07 de novembro \u2013 Regina diz a In\u00e1cio que s\u00f3 uma vez se apaixonou em sua vida e n\u00e3o foi do seu pai, mas sim do de Patr\u00edcio, ambos choram de tristeza. R\u00f4mulo conta a Flor que Mercedes j\u00e1 sabe que eles s\u00e3o amantes, tanto que at\u00e9 lhe perguntou se iriam se ver. Julieta diz que Edmundo que vai demorar em aceitar que n\u00e3o s\u00e3o filhos do mesmo pai, mas Regina se preocupa mais que Patr\u00edcio descubra. <\/p>\n<p>Patr\u00edcio continua encantado pela advogada que da acusa\u00e7\u00e3o, mas ela lhe p\u00f5e um basta e diz que n\u00e3o pensa em confraternizar com o inimigo. Mais tarde, R\u00f4mulo percebe a empatia entre ambos, por isso diz a Patr\u00edcio que aproveite essa arma para o caso, mas este lhe pergunta o que aconteceria se Olga descobrisse. Cinicamente, R\u00f4mulo diz que \u00e9 mais f\u00e1cil arrumar um casamento que uma peti\u00e7\u00e3o. <\/p>\n<p>Patr\u00edcio fica muito surpreso e conta a Raul que R\u00f4mulo o aconselho que utilizasse a sedu\u00e7\u00e3o com advogada contr\u00e1rio no caso que est\u00e1 trabalhando. Enquanto isso na vizinhan\u00e7a, Regina conta a In\u00e1cio que o pai de Olga \u00e9 um homem muito estranho, pois lhe d\u00e1 a impress\u00e3o de que os vigia em todo momento. Mais tarde no buffet, R\u00f4mulo e Patr\u00edcio conversam sobre o caso, nesse momento chega Olga e exige que seu pai comece com os tr\u00e2mites do seu div\u00f3rcio, pois n\u00e3o quer continuar casada com Patr\u00edcio.<\/p>\n<p>(*) edi\u00e7\u00e3o do SBT, Novela \u201cL\u00e1grimas de Amor\u201d, sujeito a altera\u00e7\u00e3o de data e conte\u00fado.<\/p>\n","protected":false},"excerpt":{"rendered":"<p>Novela \u201cL\u00e1grimas de Amor\u201d resumo 07\/11: Edmundo descobre que Patr\u00edcio \u00e9 filho de outro homem e, por isso, pergunta a Regina porque nunca lhes disse a verdade. Logo depois, Regina diz a In\u00e1cio que se apaixonou pelo pai de Patr\u00edcio e todos choram. Mais tarde, Julieta conversa com Regina e diz que Edmundo vai demorar [&hellip;]<\/p>\n","protected":false},"author":2,"featured_media":96552,"comment_status":"open","ping_status":"closed","sticky":false,"template":"","format":"standard","meta":{"tdm_status":"","tdm_grid_status":"","footnotes":""},"categories":[379,372,343],"tags":[441],"class_list":{"0":"post-99033","1":"post","2":"type-post","3":"status-publish","4":"format-standard","5":"has-post-thumbnail","7":"category-novelas","8":"category-sbt","9":"category-televisao","10":"tag-resumo-do-dia"},"_links":{"self":[{"href":"https:\/\/migracao.redenoticia.com.br\/noticia\/wp-json\/wp\/v2\/posts\/99033","targetHints":{"allow":["GET"]}}],"collection":[{"href":"https:\/\/migracao.redenoticia.com.br\/noticia\/wp-json\/wp\/v2\/posts"}],"about":[{"href":"https:\/\/migracao.redenoticia.com.br\/noticia\/wp-json\/wp\/v2\/types\/post"}],"author":[{"embeddable":true,"href":"https:\/\/migracao.redenoticia.com.br\/noticia\/wp-json\/wp\/v2\/users\/2"}],"replies":[{"embeddable":true,"href":"https:\/\/migracao.redenoticia.com.br\/noticia\/wp-json\/wp\/v2\/comments?post=99033"}],"version-history":[{"count":0,"href":"https:\/\/migracao.redenoticia.com.br\/noticia\/wp-json\/wp\/v2\/posts\/99033\/revisions"}],"wp:featuredmedia":[{"embeddable":true,"href":"https:\/\/migracao.redenoticia.com.br\/noticia\/wp-json\/wp\/v2\/media\/96552"}],"wp:attachment":[{"href":"https:\/\/migracao.redenoticia.com.br\/noticia\/wp-json\/wp\/v2\/media?parent=99033"}],"wp:term":[{"taxonomy":"category","embeddable":true,"href":"https:\/\/migracao.redenoticia.com.br\/noticia\/wp-json\/wp\/v2\/categories?post=99033"},{"taxonomy":"post_tag","embeddable":true,"href":"https:\/\/migracao.redenoticia.com.br\/noticia\/wp-json\/wp\/v2\/tags?post=99033"}],"curies":[{"name":"wp","href":"https:\/\/api.w.org\/{rel}","templated":true}]}}