{"id":99041,"date":"2016-11-06T12:11:07","date_gmt":"2016-11-06T14:11:07","guid":{"rendered":"http:\/\/www.redenoticia.com.br\/noticia\/?p=99041"},"modified":"2016-11-06T12:11:07","modified_gmt":"2016-11-06T14:11:07","slug":"novela-cheias-de-charme-resumo-0711-lygia-convida-elano-para-ser-seu-assistente","status":"publish","type":"post","link":"https:\/\/migracao.redenoticia.com.br\/noticia\/2016\/novela-cheias-de-charme-resumo-0711-lygia-convida-elano-para-ser-seu-assistente\/99041","title":{"rendered":"Novela \u201cCheias de Charme\u201d resumo 07\/11: Lygia convida Elano para ser seu assistente"},"content":{"rendered":"<p> <img loading=\"lazy\" decoding=\"async\" class=\"alignleft size-thumbnail wp-image-95548\" src=\"https:\/\/migracao.redenoticia.com.br\/noticia\/imagens\/cheias-de-charme-novela-globo-internacional-resumo-proximo-capitulo-150x112.jpg\" alt=\"cheias-de-charme-novela-globo-internacional-resumo-proximo-capitulo\" width=\"150\" height=\"112\" \/><strong><em>Novela \u201cCheias de Charme\u201d resumo 07\/11<\/em><\/strong>: Conrado estraga um dos processos do escrit\u00f3rio e tenta ocultar o problema. O escrit\u00f3rio de Sarmento recebe uma intima\u00e7\u00e3o e ele se apavora. Ao ver o processo todo destru\u00eddo, Ticiane pede ajuda a Lygia para resolver o problema. Depois, como quem n\u00e3o sabe da nada, Conrado culpa Ticiane por ter danificado o processo e a mo\u00e7a \u00e9 demitida. Mais tarde, Lygia convida Elano para ser seu assistente e a escolha \u00e9 aprovada por Sarmento.<\/p>\n<p>No cap\u00edtulo 036(*), novela \u201cCheias de Charme\u201d, segunda-feira, 07 de novembro \u2013 Ticiane pede ajuda a Lygia para resolver o problema do processo destru\u00eddo. Socorro pede para Chayene lev\u00e1-la na viagem a Uberl\u00e2ndia para o show com Michel Tel\u00f3. Conrado culpa Ticiane por ter danificado o processo e a mo\u00e7a \u00e9 demitida. Valda passa mal e S\u00f4nia resolve contratar o Aperitivo Buf\u00ea para fazer o jantar de noivado da filha. <\/p>\n<p>Ros\u00e1rio faz compras para o buf\u00ea com Penha e Cida, que cogita sabotar o jantar de Isadora e Conrado. Rodinei n\u00e3o se conforma de ter perdido Cida. Sandro vai jogar futebol com Ru\u00e7o e perde a hora do trabalho. Naldo diz a Elano que o interesse de Tom nas Empreguetes \u00e9 falso. Humberto chega \u00e0 cl\u00ednica para acompanhar Ariela e encontra Brunessa. <\/p>\n<p>Lygia convida Elano para ser seu assistente e a escolha \u00e9 aprovada por Sarmento. Tom prop\u00f5e que as Empreguetes fa\u00e7am um show com Fabian. Ros\u00e1rio procura Kleiton, que a alerta sobre as m\u00e1s inten\u00e7\u00f5es de Tom Bastos. In\u00e1cio encontra D\u00e1lia e cai numa cilada.<\/p>\n<p>(*) edi\u00e7\u00e3o da Rede Globo, Novela \u201cCheias de Charme\u201d, sujeito a altera\u00e7\u00e3o de data e conte\u00fado. <\/p>\n","protected":false},"excerpt":{"rendered":"<p>Novela \u201cCheias de Charme\u201d resumo 07\/11: Conrado estraga um dos processos do escrit\u00f3rio e tenta ocultar o problema. O escrit\u00f3rio de Sarmento recebe uma intima\u00e7\u00e3o e ele se apavora. Ao ver o processo todo destru\u00eddo, Ticiane pede ajuda a Lygia para resolver o problema. Depois, como quem n\u00e3o sabe da nada, Conrado culpa Ticiane por [&hellip;]<\/p>\n","protected":false},"author":2,"featured_media":95548,"comment_status":"open","ping_status":"closed","sticky":false,"template":"","format":"standard","meta":{"tdm_status":"","tdm_grid_status":"","footnotes":""},"categories":[379,375,343],"tags":[441],"class_list":{"0":"post-99041","1":"post","2":"type-post","3":"status-publish","4":"format-standard","5":"has-post-thumbnail","7":"category-novelas","8":"category-rede-globo","9":"category-televisao","10":"tag-resumo-do-dia"},"_links":{"self":[{"href":"https:\/\/migracao.redenoticia.com.br\/noticia\/wp-json\/wp\/v2\/posts\/99041","targetHints":{"allow":["GET"]}}],"collection":[{"href":"https:\/\/migracao.redenoticia.com.br\/noticia\/wp-json\/wp\/v2\/posts"}],"about":[{"href":"https:\/\/migracao.redenoticia.com.br\/noticia\/wp-json\/wp\/v2\/types\/post"}],"author":[{"embeddable":true,"href":"https:\/\/migracao.redenoticia.com.br\/noticia\/wp-json\/wp\/v2\/users\/2"}],"replies":[{"embeddable":true,"href":"https:\/\/migracao.redenoticia.com.br\/noticia\/wp-json\/wp\/v2\/comments?post=99041"}],"version-history":[{"count":0,"href":"https:\/\/migracao.redenoticia.com.br\/noticia\/wp-json\/wp\/v2\/posts\/99041\/revisions"}],"wp:featuredmedia":[{"embeddable":true,"href":"https:\/\/migracao.redenoticia.com.br\/noticia\/wp-json\/wp\/v2\/media\/95548"}],"wp:attachment":[{"href":"https:\/\/migracao.redenoticia.com.br\/noticia\/wp-json\/wp\/v2\/media?parent=99041"}],"wp:term":[{"taxonomy":"category","embeddable":true,"href":"https:\/\/migracao.redenoticia.com.br\/noticia\/wp-json\/wp\/v2\/categories?post=99041"},{"taxonomy":"post_tag","embeddable":true,"href":"https:\/\/migracao.redenoticia.com.br\/noticia\/wp-json\/wp\/v2\/tags?post=99041"}],"curies":[{"name":"wp","href":"https:\/\/api.w.org\/{rel}","templated":true}]}}