{"id":99065,"date":"2016-11-07T16:06:52","date_gmt":"2016-11-07T18:06:52","guid":{"rendered":"http:\/\/www.redenoticia.com.br\/noticia\/?p=99065"},"modified":"2016-11-07T13:08:10","modified_gmt":"2016-11-07T15:08:10","slug":"novela-mar-de-amor-resumo-0811-estrela-comeca-a-parar-em-pe","status":"publish","type":"post","link":"https:\/\/migracao.redenoticia.com.br\/noticia\/2016\/novela-mar-de-amor-resumo-0811-estrela-comeca-a-parar-em-pe\/99065","title":{"rendered":"Novela \u201cMar de Amor\u201d resumo 08\/11: Estrela come\u00e7a a parar em p\u00e9"},"content":{"rendered":"<p> <img loading=\"lazy\" decoding=\"async\" class=\"alignleft size-thumbnail wp-image-86321\" src=\"https:\/\/migracao.redenoticia.com.br\/noticia\/imagens\/Mar_de_Amor_SBT_resumo_novela-150x112.jpg\" alt=\"Mar_de_Amor_SBT_resumo_novela\" width=\"150\" height=\"112\" srcset=\"https:\/\/migracao.redenoticia.com.br\/noticia\/imagens\/Mar_de_Amor_SBT_resumo_novela-150x112.jpg 150w, https:\/\/migracao.redenoticia.com.br\/noticia\/imagens\/Mar_de_Amor_SBT_resumo_novela-265x198.jpg 265w\" sizes=\"auto, (max-width: 150px) 100vw, 150px\" \/><strong><em>Novela \u201cMar de Amor\u201d resumo 08\/11<\/em><\/strong>: na Praia Escondida, Estrela e toda sua fam\u00edlia est\u00e3o a celebrar a vida em um restaurante. Todos est\u00e3o no povoado, inclusive Frederica e Coral. O \u00fanico que falta \u00e9 Victor Manuel, que ficou na capital para procurar Coral. Estrela segue a fazer sua terapia sob os cuidados de Oriana, a quem o fisioterapeuta ensinou os exerc\u00edcios. Estrela come\u00e7a a parar em p\u00e9 sem o apoio de muletas e j\u00e1 se atreve a dar seu primeiro passo. Ela quer estar bem quando Victor chegar \u00e0 Praia Escondida, pois v\u00e3o se casar. <\/p>\n<p>No cap\u00edtulo 127(*), novela \u201cMar de Amor\u201d, ter\u00e7a-feira, 08 de novembro \u2013 Santos, procura por Coral e Frederica em toda Praia Escondida, mas n\u00e3o consegue encontr\u00e1-las. Estrela segue fazendo sua terapia sob os cuidados de Oriana, a quem o fisioterapeuta ensinou os exerc\u00edcios. <\/p>\n<p>Estrela est\u00e1 come\u00e7ando a parar em p\u00e9 sem o apoio de muletas e j\u00e1 se atreve a dar seu primeiro passo. Estrela quer estar bem para quando Victor chegar a praia escondida, pois ir\u00e3o se casar. Ros\u00e9lia chega ao local com Gustavo, e informa a todos que eles se casar\u00e3o. Durante uma festa na praia, Coral chega com uma arma em punho para matar Oriana. Crisanta se d\u00e1 conta, sai do restaurante e confronta Coral. <\/p>\n<p>Coral volta \u00e0 casa de Violeta e enfrenta Frederica. Ela diz estar decidida a matar Estrela, pois de qualquer forma a mandar\u00e3o para a cadeia ou para o manic\u00f4mio. Frederica pensa que ap\u00f3s os acontecimentos, se a culpa ficar toda com Coral, poder\u00e1 ir tranquila para a Europa e desfrutar da vida.<\/p>\n<p>(*) edi\u00e7\u00e3o do SBT, Novela \u201cMar de Amor\u201d, sujeito a altera\u00e7\u00e3o de data e conte\u00fado. <\/p>\n","protected":false},"excerpt":{"rendered":"<p>Novela \u201cMar de Amor\u201d resumo 08\/11: na Praia Escondida, Estrela e toda sua fam\u00edlia est\u00e3o a celebrar a vida em um restaurante. Todos est\u00e3o no povoado, inclusive Frederica e Coral. O \u00fanico que falta \u00e9 Victor Manuel, que ficou na capital para procurar Coral. Estrela segue a fazer sua terapia sob os cuidados de Oriana, [&hellip;]<\/p>\n","protected":false},"author":2,"featured_media":86321,"comment_status":"open","ping_status":"closed","sticky":false,"template":"","format":"standard","meta":{"tdm_status":"","tdm_grid_status":"","footnotes":""},"categories":[379,372,343],"tags":[441],"class_list":{"0":"post-99065","1":"post","2":"type-post","3":"status-publish","4":"format-standard","5":"has-post-thumbnail","7":"category-novelas","8":"category-sbt","9":"category-televisao","10":"tag-resumo-do-dia"},"_links":{"self":[{"href":"https:\/\/migracao.redenoticia.com.br\/noticia\/wp-json\/wp\/v2\/posts\/99065","targetHints":{"allow":["GET"]}}],"collection":[{"href":"https:\/\/migracao.redenoticia.com.br\/noticia\/wp-json\/wp\/v2\/posts"}],"about":[{"href":"https:\/\/migracao.redenoticia.com.br\/noticia\/wp-json\/wp\/v2\/types\/post"}],"author":[{"embeddable":true,"href":"https:\/\/migracao.redenoticia.com.br\/noticia\/wp-json\/wp\/v2\/users\/2"}],"replies":[{"embeddable":true,"href":"https:\/\/migracao.redenoticia.com.br\/noticia\/wp-json\/wp\/v2\/comments?post=99065"}],"version-history":[{"count":0,"href":"https:\/\/migracao.redenoticia.com.br\/noticia\/wp-json\/wp\/v2\/posts\/99065\/revisions"}],"wp:featuredmedia":[{"embeddable":true,"href":"https:\/\/migracao.redenoticia.com.br\/noticia\/wp-json\/wp\/v2\/media\/86321"}],"wp:attachment":[{"href":"https:\/\/migracao.redenoticia.com.br\/noticia\/wp-json\/wp\/v2\/media?parent=99065"}],"wp:term":[{"taxonomy":"category","embeddable":true,"href":"https:\/\/migracao.redenoticia.com.br\/noticia\/wp-json\/wp\/v2\/categories?post=99065"},{"taxonomy":"post_tag","embeddable":true,"href":"https:\/\/migracao.redenoticia.com.br\/noticia\/wp-json\/wp\/v2\/tags?post=99065"}],"curies":[{"name":"wp","href":"https:\/\/api.w.org\/{rel}","templated":true}]}}