{"id":99069,"date":"2016-11-07T18:14:19","date_gmt":"2016-11-07T20:14:19","guid":{"rendered":"http:\/\/www.redenoticia.com.br\/noticia\/?p=99069"},"modified":"2016-11-07T13:15:12","modified_gmt":"2016-11-07T15:15:12","slug":"novela-a-gata-resumo-0811-perla-chora-desesperada-em-uma-cabana","status":"publish","type":"post","link":"https:\/\/migracao.redenoticia.com.br\/noticia\/2016\/novela-a-gata-resumo-0811-perla-chora-desesperada-em-uma-cabana\/99069","title":{"rendered":"Novela \u201cA Gata\u201d resumo 08\/11: Perla chora desesperada em uma cabana"},"content":{"rendered":"<p> <img loading=\"lazy\" decoding=\"async\" class=\"alignleft size-thumbnail wp-image-92254\" src=\"https:\/\/migracao.redenoticia.com.br\/noticia\/imagens\/A_Gata_novela_resumo_SBT-150x112.jpg\" alt=\"A_Gata_novela_resumo_SBT\" width=\"150\" height=\"112\" srcset=\"https:\/\/migracao.redenoticia.com.br\/noticia\/imagens\/A_Gata_novela_resumo_SBT-150x112.jpg 150w, https:\/\/migracao.redenoticia.com.br\/noticia\/imagens\/A_Gata_novela_resumo_SBT-265x198.jpg 265w\" sizes=\"auto, (max-width: 150px) 100vw, 150px\" \/><strong><em>Novela \u201cA Gata\u201d resumo 08\/11<\/em><\/strong>: por ordem de Augusto, Di\u00f3genes sequestra Perla. Em casa, Silencioso se surpreende quando Esmeralda diz que Perla est\u00e1 desaparecida. No apartamento de Augusto e Lorena, esta diz ao marido que o entregou um documento capaz de resolver todos os seus problemas, por isso deveria estar feliz, ao inv\u00e9s de estar sempre preocupado e de mal humor. Augusto responde que seu sentimento mudou e que vai pedir o div\u00f3rcio. Silencioso conta a Dona Rita que Perla foi sequestrada. Enquanto isso, Perla chora desesperada em uma cabana. Mais tarde, Augusto confessa a Lorena que h\u00e1 muitos anos se apaixonou por uma mulher, mas que ela nunca o levou em considera\u00e7\u00e3o, pois ele era um homem casado. Lorena exige que ele a diga quem \u00e9 essa mulher. Em um descuido de Di\u00f3genes, Perla consegue escapar.<\/p>\n<p>No cap\u00edtulo 062(*), novela \u201cA Gata\u201d, ter\u00e7a-feira, 08 de novembro \u2013 Paulo explica a Virginia que n\u00e3o enganou Esmeralda, pois foi Gisele que o beijou. Silencioso diz a Dona Rita que Branca (Perla) foi sequestrada, enquanto isso Perla chora desesperada em uma cabana. Mariano diz a seu pai que ele n\u00e3o s\u00f3 \u00e9 um ladr\u00e3o, como tamb\u00e9m um mal agradecido, e que ir\u00e1 embora com Lorena. <\/p>\n<p>Paulo pede a Gisele que o libere do contrato assinado, pois s\u00f3 assim poder\u00e1 arrumar algumas coisas importantes de sua vida. Paulo tenta explicar a Esmeralda o que ocorreu com Gisele, diz que a \u00fanica mulher que ama \u00e9 ela. Esmeralda responde que sabe que ele a ama, mas que tamb\u00e9m sente pena, e ela n\u00e3o quer estar a seu lado como um estorvo. <\/p>\n<p>Augusto confessa a Lorena que h\u00e1 muitos anos se apaixonou por uma mulher, mas que ela nunca o levou em considera\u00e7\u00e3o, pois ele era um homem casado. Lorena exige que ele a diga quem \u00e9. Em um descuido de Di\u00f3genes, Perla consegue escapar.<\/p>\n<p>(*) edi\u00e7\u00e3o do SBT, Novela \u201cA Gata\u201d, sujeito a altera\u00e7\u00e3o de data e conte\u00fado.<\/p>\n","protected":false},"excerpt":{"rendered":"<p>Novela \u201cA Gata\u201d resumo 08\/11: por ordem de Augusto, Di\u00f3genes sequestra Perla. Em casa, Silencioso se surpreende quando Esmeralda diz que Perla est\u00e1 desaparecida. No apartamento de Augusto e Lorena, esta diz ao marido que o entregou um documento capaz de resolver todos os seus problemas, por isso deveria estar feliz, ao inv\u00e9s de estar [&hellip;]<\/p>\n","protected":false},"author":2,"featured_media":92254,"comment_status":"open","ping_status":"closed","sticky":false,"template":"","format":"standard","meta":{"tdm_status":"","tdm_grid_status":"","footnotes":""},"categories":[379,372,343],"tags":[441],"class_list":{"0":"post-99069","1":"post","2":"type-post","3":"status-publish","4":"format-standard","5":"has-post-thumbnail","7":"category-novelas","8":"category-sbt","9":"category-televisao","10":"tag-resumo-do-dia"},"_links":{"self":[{"href":"https:\/\/migracao.redenoticia.com.br\/noticia\/wp-json\/wp\/v2\/posts\/99069","targetHints":{"allow":["GET"]}}],"collection":[{"href":"https:\/\/migracao.redenoticia.com.br\/noticia\/wp-json\/wp\/v2\/posts"}],"about":[{"href":"https:\/\/migracao.redenoticia.com.br\/noticia\/wp-json\/wp\/v2\/types\/post"}],"author":[{"embeddable":true,"href":"https:\/\/migracao.redenoticia.com.br\/noticia\/wp-json\/wp\/v2\/users\/2"}],"replies":[{"embeddable":true,"href":"https:\/\/migracao.redenoticia.com.br\/noticia\/wp-json\/wp\/v2\/comments?post=99069"}],"version-history":[{"count":0,"href":"https:\/\/migracao.redenoticia.com.br\/noticia\/wp-json\/wp\/v2\/posts\/99069\/revisions"}],"wp:featuredmedia":[{"embeddable":true,"href":"https:\/\/migracao.redenoticia.com.br\/noticia\/wp-json\/wp\/v2\/media\/92254"}],"wp:attachment":[{"href":"https:\/\/migracao.redenoticia.com.br\/noticia\/wp-json\/wp\/v2\/media?parent=99069"}],"wp:term":[{"taxonomy":"category","embeddable":true,"href":"https:\/\/migracao.redenoticia.com.br\/noticia\/wp-json\/wp\/v2\/categories?post=99069"},{"taxonomy":"post_tag","embeddable":true,"href":"https:\/\/migracao.redenoticia.com.br\/noticia\/wp-json\/wp\/v2\/tags?post=99069"}],"curies":[{"name":"wp","href":"https:\/\/api.w.org\/{rel}","templated":true}]}}