{"id":99077,"date":"2016-11-07T17:27:42","date_gmt":"2016-11-07T19:27:42","guid":{"rendered":"http:\/\/www.redenoticia.com.br\/noticia\/?p=99077"},"modified":"2016-11-07T13:30:08","modified_gmt":"2016-11-07T15:30:08","slug":"novela-malhacao-resumo-0811-tania-e-luiza-convencem-joana-a-mudar-o-visual","status":"publish","type":"post","link":"https:\/\/migracao.redenoticia.com.br\/noticia\/2016\/novela-malhacao-resumo-0811-tania-e-luiza-convencem-joana-a-mudar-o-visual\/99077","title":{"rendered":"Novela \u201cMalha\u00e7\u00e3o\u201d resumo 08\/11: T\u00e2nia e Luiza convencem Joana a mudar o visual"},"content":{"rendered":"<p> <img loading=\"lazy\" decoding=\"async\" class=\"alignleft size-thumbnail wp-image-91715\" src=\"https:\/\/migracao.redenoticia.com.br\/noticia\/imagens\/malhacao_pro_dia_nascer_feliz_resumo_novela-150x112.jpg\" alt=\"malhacao_pro_dia_nascer_feliz_resumo_novela\" width=\"150\" height=\"112\" srcset=\"https:\/\/migracao.redenoticia.com.br\/noticia\/imagens\/malhacao_pro_dia_nascer_feliz_resumo_novela-150x112.jpg 150w, https:\/\/migracao.redenoticia.com.br\/noticia\/imagens\/malhacao_pro_dia_nascer_feliz_resumo_novela-265x198.jpg 265w\" sizes=\"auto, (max-width: 150px) 100vw, 150px\" \/><strong><em>Novela \u201cMalha\u00e7\u00e3o\u201d resumo 08\/11<\/em><\/strong>: Ricardo finalmente consegue uma brecha para conversar a s\u00f3s com Joana, ap\u00f3s a revela\u00e7\u00e3o que \u00e9 o pai dela. Durante o jantar em um restaurante, ele diz que gostaria que ela fosse jantar em sua casa com ele e suas filhas. Joana diz que isso s\u00f3 vai aumentar a raiva que a B\u00e1rbara tem dela. Mas Ricardo se mostra disposto a assumir essa responsabilidade de uma vez por todas, ao dizer que a B\u00e1rbara \u00e9 problema dele, que as meninas v\u00e3o ter que aceita-la e que disso n\u00e3o abre m\u00e3o. Depois, em conversa com T\u00e2nia e Luiza, elas convencem Joana a mudar o visual para ir ao jantar na casa do pai. Mais tarde, Joana chega para o jantar.<\/p>\n<p>No cap\u00edtulo 057(*), novela \u201cMalha\u00e7\u00e3o\u201d, ter\u00e7a-feira, 08 de novembro \u2013 Giovane questiona Joana sobre os sentimentos por Gabriel. Jorj\u00e3o instrui R\u00f4mulo no intervalo da luta. <\/p>\n<p>As pizzas da moto de Jab\u00e1 s\u00e3o furtadas. R\u00f4mulo vence a luta. T\u00e2nia e Luiza convencem Joana a mudar o visual para ir ao jantar na casa do pai. Jab\u00e1 \u00e9 demitido. <\/p>\n<p>Nanda tem uma conversa s\u00e9ria com Belloto sobre J\u00e9ssica. Joana chega para o jantar. J\u00e9ssica beija Belloto.<\/p>\n<p>(*) edi\u00e7\u00e3o da Rede Globo, Novela \u201cMalha\u00e7\u00e3o\u201d, sujeito a altera\u00e7\u00e3o de data e conte\u00fado.<\/p>\n","protected":false},"excerpt":{"rendered":"<p>Novela \u201cMalha\u00e7\u00e3o\u201d resumo 08\/11: Ricardo finalmente consegue uma brecha para conversar a s\u00f3s com Joana, ap\u00f3s a revela\u00e7\u00e3o que \u00e9 o pai dela. Durante o jantar em um restaurante, ele diz que gostaria que ela fosse jantar em sua casa com ele e suas filhas. Joana diz que isso s\u00f3 vai aumentar a raiva que [&hellip;]<\/p>\n","protected":false},"author":2,"featured_media":91715,"comment_status":"open","ping_status":"closed","sticky":false,"template":"","format":"standard","meta":{"tdm_status":"","tdm_grid_status":"","footnotes":""},"categories":[447,379,375,343],"tags":[441],"class_list":{"0":"post-99077","1":"post","2":"type-post","3":"status-publish","4":"format-standard","5":"has-post-thumbnail","7":"category-malhacao","8":"category-novelas","9":"category-rede-globo","10":"category-televisao","11":"tag-resumo-do-dia"},"_links":{"self":[{"href":"https:\/\/migracao.redenoticia.com.br\/noticia\/wp-json\/wp\/v2\/posts\/99077","targetHints":{"allow":["GET"]}}],"collection":[{"href":"https:\/\/migracao.redenoticia.com.br\/noticia\/wp-json\/wp\/v2\/posts"}],"about":[{"href":"https:\/\/migracao.redenoticia.com.br\/noticia\/wp-json\/wp\/v2\/types\/post"}],"author":[{"embeddable":true,"href":"https:\/\/migracao.redenoticia.com.br\/noticia\/wp-json\/wp\/v2\/users\/2"}],"replies":[{"embeddable":true,"href":"https:\/\/migracao.redenoticia.com.br\/noticia\/wp-json\/wp\/v2\/comments?post=99077"}],"version-history":[{"count":0,"href":"https:\/\/migracao.redenoticia.com.br\/noticia\/wp-json\/wp\/v2\/posts\/99077\/revisions"}],"wp:featuredmedia":[{"embeddable":true,"href":"https:\/\/migracao.redenoticia.com.br\/noticia\/wp-json\/wp\/v2\/media\/91715"}],"wp:attachment":[{"href":"https:\/\/migracao.redenoticia.com.br\/noticia\/wp-json\/wp\/v2\/media?parent=99077"}],"wp:term":[{"taxonomy":"category","embeddable":true,"href":"https:\/\/migracao.redenoticia.com.br\/noticia\/wp-json\/wp\/v2\/categories?post=99077"},{"taxonomy":"post_tag","embeddable":true,"href":"https:\/\/migracao.redenoticia.com.br\/noticia\/wp-json\/wp\/v2\/tags?post=99077"}],"curies":[{"name":"wp","href":"https:\/\/api.w.org\/{rel}","templated":true}]}}