{"id":99079,"date":"2016-11-07T18:30:14","date_gmt":"2016-11-07T20:30:14","guid":{"rendered":"http:\/\/www.redenoticia.com.br\/noticia\/?p=99079"},"modified":"2016-11-07T13:33:15","modified_gmt":"2016-11-07T15:33:15","slug":"novela-sol-nascente-resumo-0811-mario-se-preocupa-com-a-saude-do-bebe","status":"publish","type":"post","link":"https:\/\/migracao.redenoticia.com.br\/noticia\/2016\/novela-sol-nascente-resumo-0811-mario-se-preocupa-com-a-saude-do-bebe\/99079","title":{"rendered":"Novela \u201cSol Nascente\u201d resumo 08\/11: Mario se preocupa com a sa\u00fade do beb\u00ea"},"content":{"rendered":"<p> <img loading=\"lazy\" decoding=\"async\" class=\"alignleft size-thumbnail wp-image-91714\" src=\"https:\/\/migracao.redenoticia.com.br\/noticia\/imagens\/sol_nascente_resumo_novela_globo-150x112.jpg\" alt=\"sol_nascente_resumo_novela_globo\" width=\"150\" height=\"112\" srcset=\"https:\/\/migracao.redenoticia.com.br\/noticia\/imagens\/sol_nascente_resumo_novela_globo-150x112.jpg 150w, https:\/\/migracao.redenoticia.com.br\/noticia\/imagens\/sol_nascente_resumo_novela_globo-265x198.jpg 265w\" sizes=\"auto, (max-width: 150px) 100vw, 150px\" \/><strong><em>Novela \u201cSol Nascente\u201d resumo 08\/11<\/em><\/strong>: Ana Clara come\u00e7a a ficar preocupada com a demora da filha, que n\u00e3o apareceu nas \u00e1reas comuns da pousada o dia inteiro. Ela vai at\u00e9 o quarto de Carol e encontra a advogada ca\u00edda no ch\u00e3o, desacordada e rodeada de comprimidos. O desespero toma conta e Ana come\u00e7a a gritar. Ela leva a filha para a emerg\u00eancia e entrega o frasco de rem\u00e9dio para a m\u00e9dica, que avisa que tanto a m\u00e3e como o beb\u00ea, corre risco. Ana decide procurar Alice ao saber que Carol est\u00e1 entre a vida e a morte. Alice est\u00e1 na recep\u00e7\u00e3o que organizou para apresentar os novos projetos da Arraial Pescados. Ao chegar, Ana insulta Alice diante dos convidados. Patrick tenta tranquilizar Ana e Alice. Depois, Ana e Patrick se desesperam ao chegar ao posto m\u00e9dico. Mario se preocupa com a sa\u00fade do beb\u00ea e pede informa\u00e7\u00f5es a m\u00e9dica. Yumi e Chica tentam tranquilizar Alice. Tanaka incentiva a filha a ir ao hospital ver Carolina. Alice escuta o pai e, ao chegar ao hospital, \u00e9 destratada por Ana.<\/p>\n<p>No cap\u00edtulo 061(*), novela \u201cSol Nascente\u201d, ter\u00e7a-feira, 08 de novembro \u2013 Patrick tenta tranquilizar Ana e Alice. Chica tem uma vis\u00e3o com Carolina e fica abalada. Moreira se encanta por Dora. Ana e Patrick se desesperam ao chegar ao posto m\u00e9dico. Lenita arruma os pertences de Felipe. Alice conta para Mario que Carolina est\u00e1 hospitalizada. <\/p>\n<p>Dora \u00e9 solid\u00e1ria a Ana. Yumi e Chica tentam tranquilizar Alice. Mario se preocupa com a sa\u00fade do beb\u00ea e pede informa\u00e7\u00f5es a m\u00e9dica. Quirino ajuda Chica a compreender a vis\u00e3o que teve com Carolina. Felipe avisa a Lenita que buscar\u00e1 suas coisas em Arraial. Massao prepara uma festa particular para Cesar. <\/p>\n<p>Tanaka incentiva Alice a ir ao hospital ver Carolina. Geppina e Gaetano se preocupam com Mario. Carolina se faz de v\u00edtima para M\u00e1rio. Alice chega ao hospital e \u00e9 destratada por Ana.<\/p>\n<p>(*) edi\u00e7\u00e3o da Rede Globo, Novela \u201cSol Nascente\u201d, sujeito a altera\u00e7\u00e3o de data e conte\u00fado.<\/p>\n","protected":false},"excerpt":{"rendered":"<p>Novela \u201cSol Nascente\u201d resumo 08\/11: Ana Clara come\u00e7a a ficar preocupada com a demora da filha, que n\u00e3o apareceu nas \u00e1reas comuns da pousada o dia inteiro. Ela vai at\u00e9 o quarto de Carol e encontra a advogada ca\u00edda no ch\u00e3o, desacordada e rodeada de comprimidos. O desespero toma conta e Ana come\u00e7a a gritar. [&hellip;]<\/p>\n","protected":false},"author":2,"featured_media":93943,"comment_status":"open","ping_status":"closed","sticky":false,"template":"","format":"standard","meta":{"tdm_status":"","tdm_grid_status":"","footnotes":""},"categories":[379,375,343],"tags":[441],"class_list":{"0":"post-99079","1":"post","2":"type-post","3":"status-publish","4":"format-standard","5":"has-post-thumbnail","7":"category-novelas","8":"category-rede-globo","9":"category-televisao","10":"tag-resumo-do-dia"},"_links":{"self":[{"href":"https:\/\/migracao.redenoticia.com.br\/noticia\/wp-json\/wp\/v2\/posts\/99079","targetHints":{"allow":["GET"]}}],"collection":[{"href":"https:\/\/migracao.redenoticia.com.br\/noticia\/wp-json\/wp\/v2\/posts"}],"about":[{"href":"https:\/\/migracao.redenoticia.com.br\/noticia\/wp-json\/wp\/v2\/types\/post"}],"author":[{"embeddable":true,"href":"https:\/\/migracao.redenoticia.com.br\/noticia\/wp-json\/wp\/v2\/users\/2"}],"replies":[{"embeddable":true,"href":"https:\/\/migracao.redenoticia.com.br\/noticia\/wp-json\/wp\/v2\/comments?post=99079"}],"version-history":[{"count":0,"href":"https:\/\/migracao.redenoticia.com.br\/noticia\/wp-json\/wp\/v2\/posts\/99079\/revisions"}],"wp:featuredmedia":[{"embeddable":true,"href":"https:\/\/migracao.redenoticia.com.br\/noticia\/wp-json\/wp\/v2\/media\/93943"}],"wp:attachment":[{"href":"https:\/\/migracao.redenoticia.com.br\/noticia\/wp-json\/wp\/v2\/media?parent=99079"}],"wp:term":[{"taxonomy":"category","embeddable":true,"href":"https:\/\/migracao.redenoticia.com.br\/noticia\/wp-json\/wp\/v2\/categories?post=99079"},{"taxonomy":"post_tag","embeddable":true,"href":"https:\/\/migracao.redenoticia.com.br\/noticia\/wp-json\/wp\/v2\/tags?post=99079"}],"curies":[{"name":"wp","href":"https:\/\/api.w.org\/{rel}","templated":true}]}}