{"id":99093,"date":"2016-11-07T19:01:10","date_gmt":"2016-11-07T21:01:10","guid":{"rendered":"http:\/\/www.redenoticia.com.br\/noticia\/?p=99093"},"modified":"2016-11-08T20:24:04","modified_gmt":"2016-11-08T22:24:04","slug":"novela-ezel-resumo-0811-ezel-se-encontra-com-eysan","status":"publish","type":"post","link":"https:\/\/migracao.redenoticia.com.br\/noticia\/2016\/novela-ezel-resumo-0811-ezel-se-encontra-com-eysan\/99093","title":{"rendered":"Novela \u201cEzel\u201d resumo 08\/11: Ezel se encontra com Eysan"},"content":{"rendered":"<p> <img loading=\"lazy\" decoding=\"async\" class=\"alignleft size-thumbnail wp-image-98061\" src=\"https:\/\/migracao.redenoticia.com.br\/noticia\/imagens\/ezel_novela_band_resumo-150x112.jpg\" alt=\"ezel_novela_band_resumo\" width=\"150\" height=\"112\" srcset=\"https:\/\/migracao.redenoticia.com.br\/noticia\/imagens\/ezel_novela_band_resumo-150x112.jpg 150w, https:\/\/migracao.redenoticia.com.br\/noticia\/imagens\/ezel_novela_band_resumo-265x198.jpg 265w\" sizes=\"auto, (max-width: 150px) 100vw, 150px\" \/><strong><em> Novela \u201cEzel\u201d resumo 08\/11<\/em><\/strong>: depois de 12 anos preso Omer retorna como outro nome, Ezel, e com uma fisionomia e voz completamente diferente do passado. Ele resolve ir para um hotel onde o dono \u00e9 uma das pessoas que o traiu no passado. Ele se encontra com Eysan e ela percebe que existe alguma coisa diferente nele.<\/p>\n<p>No capitulo 002 (*), novela \u201cEzel\u201d, ter\u00e7a-feira, 08 de novembro &#8211; o jovem Omer tem dois grandes amigos, Cengiz e Ali, que na verdade ser\u00e3o os respons\u00e1veis por sua pris\u00e3o. Omer e Eysan est\u00e3o completamente apaixonados um pelo outro e ele tem certeza de que ela ser\u00e1 a m\u00e3e de seus filhos. Mas o futuro n\u00e3o ser\u00e1 exatamente como o planejado e os caminhos do casal ser\u00e3o completamente diferentes.<\/p>\n<p>Ezel \u00e9 um homem determinado e em nada lembra o jovem bondoso e apaixonado do passado que trabalhava como mec\u00e2nico na oficina de Ali. Sem desconfiar que estava envolvido num plano que destruiria sua vida, Omer pede a m\u00e3o de Eysan em casamento e ela finge que aceita. O anel de noivado \u00e9 uma joia de fam\u00edlia e foi um presenta da m\u00e3e de Omer. Eles passam a noite juntos e na manh\u00e3 seguinte, Omer \u00e9 preso acusado de roubar um cassino.<\/p>\n<p>Mesmo balan\u00e7ado depois de Eysan, Ezel n\u00e3o desiste de por em pr\u00e1tica seu plano de vingan\u00e7a. Ele descobre que Eysan tem um filho e que agora est\u00e1 casada com um de seus melhores amigos do passado, Cengiz. Ali, Eysan e Cengiz se uniram para incriminar Omer por roubo e assassinato no cassino e por isso ele foi condenado \u00e0 pris\u00e3o perp\u00e9tua. <\/p>\n<p>(*) edi\u00e7\u00e3o da Band, Novela \u201cEzel\u201d, sujeito a altera\u00e7\u00e3o de data e conte\u00fado.<\/p>\n","protected":false},"excerpt":{"rendered":"<p>Novela \u201cEzel\u201d resumo 08\/11: depois de 12 anos preso Omer retorna como outro nome, Ezel, e com uma fisionomia e voz completamente diferente do passado. Ele resolve ir para um hotel onde o dono \u00e9 uma das pessoas que o traiu no passado. Ele se encontra com Eysan e ela percebe que existe alguma coisa [&hellip;]<\/p>\n","protected":false},"author":2,"featured_media":98061,"comment_status":"open","ping_status":"closed","sticky":false,"template":"","format":"standard","meta":{"tdm_status":"","tdm_grid_status":"","footnotes":""},"categories":[390,379,343],"tags":[441],"class_list":{"0":"post-99093","1":"post","2":"type-post","3":"status-publish","4":"format-standard","5":"has-post-thumbnail","7":"category-band","8":"category-novelas","9":"category-televisao","10":"tag-resumo-do-dia"},"_links":{"self":[{"href":"https:\/\/migracao.redenoticia.com.br\/noticia\/wp-json\/wp\/v2\/posts\/99093","targetHints":{"allow":["GET"]}}],"collection":[{"href":"https:\/\/migracao.redenoticia.com.br\/noticia\/wp-json\/wp\/v2\/posts"}],"about":[{"href":"https:\/\/migracao.redenoticia.com.br\/noticia\/wp-json\/wp\/v2\/types\/post"}],"author":[{"embeddable":true,"href":"https:\/\/migracao.redenoticia.com.br\/noticia\/wp-json\/wp\/v2\/users\/2"}],"replies":[{"embeddable":true,"href":"https:\/\/migracao.redenoticia.com.br\/noticia\/wp-json\/wp\/v2\/comments?post=99093"}],"version-history":[{"count":0,"href":"https:\/\/migracao.redenoticia.com.br\/noticia\/wp-json\/wp\/v2\/posts\/99093\/revisions"}],"wp:featuredmedia":[{"embeddable":true,"href":"https:\/\/migracao.redenoticia.com.br\/noticia\/wp-json\/wp\/v2\/media\/98061"}],"wp:attachment":[{"href":"https:\/\/migracao.redenoticia.com.br\/noticia\/wp-json\/wp\/v2\/media?parent=99093"}],"wp:term":[{"taxonomy":"category","embeddable":true,"href":"https:\/\/migracao.redenoticia.com.br\/noticia\/wp-json\/wp\/v2\/categories?post=99093"},{"taxonomy":"post_tag","embeddable":true,"href":"https:\/\/migracao.redenoticia.com.br\/noticia\/wp-json\/wp\/v2\/tags?post=99093"}],"curies":[{"name":"wp","href":"https:\/\/api.w.org\/{rel}","templated":true}]}}