{"id":99130,"date":"2016-11-08T19:20:43","date_gmt":"2016-11-08T21:20:43","guid":{"rendered":"http:\/\/www.redenoticia.com.br\/noticia\/?p=99130"},"modified":"2016-11-07T15:25:33","modified_gmt":"2016-11-07T17:25:33","slug":"novela-escrava-mae-resumo-0911-almeida-quer-punir-juliana-em-praca-publica","status":"publish","type":"post","link":"https:\/\/migracao.redenoticia.com.br\/noticia\/2016\/novela-escrava-mae-resumo-0911-almeida-quer-punir-juliana-em-praca-publica\/99130","title":{"rendered":"Novela \u201cEscrava M\u00e3e\u201d resumo 09\/11: Almeida quer punir Juliana em pra\u00e7a p\u00fablica"},"content":{"rendered":"<p> <img loading=\"lazy\" decoding=\"async\" class=\"alignleft size-thumbnail wp-image-87037\" src=\"https:\/\/migracao.redenoticia.com.br\/noticia\/imagens\/escrava-mae-novela-resumo-150x112.jpg\" alt=\"escrava-mae-novela-resumo\" width=\"150\" height=\"112\" srcset=\"https:\/\/migracao.redenoticia.com.br\/noticia\/imagens\/escrava-mae-novela-resumo-150x112.jpg 150w, https:\/\/migracao.redenoticia.com.br\/noticia\/imagens\/escrava-mae-novela-resumo-265x198.jpg 265w\" sizes=\"auto, (max-width: 150px) 100vw, 150px\" \/><strong><em>Novela \u201cEscrava M\u00e3e\u201d resumo 09\/11<\/em><\/strong>: Esm\u00e9ria vai atr\u00e1s de Guilherme e diz que pode ajudar libertar Juliana dizendo o que sabe de Maria Isabel. Guilherme agradece, mas diz que far\u00e1 algo para ajudar os dois. Neste momento Filipa aparece e diz para o irm\u00e3o correr para a delegacia. Guilherme, Quintiliano e dr. Pacheco sugerem que a puni\u00e7\u00e3o a Juliana seja na fazenda e n\u00e3o em pra\u00e7a p\u00fablica. Almeida e Os\u00f3rio decidem que ser\u00e1 em pra\u00e7a p\u00fablica.<\/p>\n<p>No capitulo 116 (*), novela \u201cEscrava M\u00e3e\u201d, quarta-feira, 09 de novembro &#8211; Filipa convence o pirata barbudo a falar e ele diz que s\u00f3 conta o que sabe a um homem. Ela diz que voltar\u00e1 mais tarde e vai embora. Almeida l\u00ea a carta e v\u00ea que Beatrice assinou. Ele diz que vai falar com Dr. Pacheco para preparar o processo de interdi\u00e7\u00e3o. Tito Pardo chega na Engenho do Sol e se assusta com a confus\u00e3o. Ele pergunta por Beatrice e vai atr\u00e1s dela. Teresa pede aos escravos piedade. Charles conversa com Frei Abilio e diz de seus ideais em apoiar a luta contra maus-tratos aos escravos. Filipa vai at\u00e9 a delegacia falar com \u00c1tila e pede que Almeida o solte. Quintiliano aparece e diz para Filipa voltar para casa que aquele assunto \u00e9 somente para homens. <\/p>\n<p>Esm\u00e9ria vai atr\u00e1s de Guilherme e diz que pode ajudar libertar juliana dizendo o que sabe de Maria Isabel. Guilherme agradece mas diz que far\u00e1 algo para ajudar os dois. Neste momento Filipa aparece e diz para o irm\u00e3o correr para a delegacia. Os escravos seguram Maria Isabel e ela diz para levarem Teresa no lugar dela. Teresa fica chocada com o que a irm\u00e3 diz. Guilherme, Quintiliano e dr. Pacheco sugerem que a puni\u00e7\u00e3o a Juliana seja na fazenda e n\u00e3o em pra\u00e7a p\u00fablica. Almeida e Os\u00f3rio decidem que ser\u00e1 em pra\u00e7a p\u00fablica. Maria Isabel \u00e9 levada pelos escravos com os bra\u00e7os acorrentados. Sapi\u00e3o, Gen\u00e9sio, e Guin\u00e9 est\u00e3o com ela, mas Teresa e tia Joaquina observam da varanda assustadas. <\/p>\n<p>Almeida diz a \u00c1tila que Maria Isabel retirou a queixa e ele ser\u00e1 libertado em breve. D\u00e1lia diz para Belezinha escrever uma carta endere\u00e7ada a Quintiliano dizendo que \u00e9 um sheik e que procura um marido para sua filha. D\u00e1lia entende a inten\u00e7\u00e3o de D\u00e1lia e diz que vai ajud\u00e1-la. O homem barbudo acorda com um barulho e pensa que Filipa chegou. Quando abre a porta Os\u00f3rio aparece com uma corda nas m\u00e3os. Almeida pede para o soldado retirar Juliana da cela e diz para Miguel que ela ser\u00e1 punida em pra\u00e7a p\u00fablica. Miguel e Juliana se assustam.<\/p>\n<p>(*) edi\u00e7\u00e3o da Rede Record, Novela \u201cEscrava M\u00e3e\u201d, sujeito a altera\u00e7\u00e3o de data e conte\u00fado.<\/p>\n","protected":false},"excerpt":{"rendered":"<p>Novela \u201cEscrava M\u00e3e\u201d resumo 09\/11: Esm\u00e9ria vai atr\u00e1s de Guilherme e diz que pode ajudar libertar Juliana dizendo o que sabe de Maria Isabel. Guilherme agradece, mas diz que far\u00e1 algo para ajudar os dois. Neste momento Filipa aparece e diz para o irm\u00e3o correr para a delegacia. Guilherme, Quintiliano e dr. Pacheco sugerem que [&hellip;]<\/p>\n","protected":false},"author":2,"featured_media":87037,"comment_status":"open","ping_status":"closed","sticky":false,"template":"","format":"standard","meta":{"tdm_status":"","tdm_grid_status":"","footnotes":""},"categories":[379,371,343],"tags":[441],"class_list":{"0":"post-99130","1":"post","2":"type-post","3":"status-publish","4":"format-standard","5":"has-post-thumbnail","7":"category-novelas","8":"category-rede-record","9":"category-televisao","10":"tag-resumo-do-dia"},"_links":{"self":[{"href":"https:\/\/migracao.redenoticia.com.br\/noticia\/wp-json\/wp\/v2\/posts\/99130","targetHints":{"allow":["GET"]}}],"collection":[{"href":"https:\/\/migracao.redenoticia.com.br\/noticia\/wp-json\/wp\/v2\/posts"}],"about":[{"href":"https:\/\/migracao.redenoticia.com.br\/noticia\/wp-json\/wp\/v2\/types\/post"}],"author":[{"embeddable":true,"href":"https:\/\/migracao.redenoticia.com.br\/noticia\/wp-json\/wp\/v2\/users\/2"}],"replies":[{"embeddable":true,"href":"https:\/\/migracao.redenoticia.com.br\/noticia\/wp-json\/wp\/v2\/comments?post=99130"}],"version-history":[{"count":0,"href":"https:\/\/migracao.redenoticia.com.br\/noticia\/wp-json\/wp\/v2\/posts\/99130\/revisions"}],"wp:featuredmedia":[{"embeddable":true,"href":"https:\/\/migracao.redenoticia.com.br\/noticia\/wp-json\/wp\/v2\/media\/87037"}],"wp:attachment":[{"href":"https:\/\/migracao.redenoticia.com.br\/noticia\/wp-json\/wp\/v2\/media?parent=99130"}],"wp:term":[{"taxonomy":"category","embeddable":true,"href":"https:\/\/migracao.redenoticia.com.br\/noticia\/wp-json\/wp\/v2\/categories?post=99130"},{"taxonomy":"post_tag","embeddable":true,"href":"https:\/\/migracao.redenoticia.com.br\/noticia\/wp-json\/wp\/v2\/tags?post=99130"}],"curies":[{"name":"wp","href":"https:\/\/api.w.org\/{rel}","templated":true}]}}