{"id":99194,"date":"2016-11-08T18:33:25","date_gmt":"2016-11-08T20:33:25","guid":{"rendered":"http:\/\/www.redenoticia.com.br\/noticia\/?p=99194"},"modified":"2016-11-08T16:37:28","modified_gmt":"2016-11-08T18:37:28","slug":"novela-sol-nascente-resumo-0911-alice-pensa-em-se-afastar-de-mario","status":"publish","type":"post","link":"https:\/\/migracao.redenoticia.com.br\/noticia\/2016\/novela-sol-nascente-resumo-0911-alice-pensa-em-se-afastar-de-mario\/99194","title":{"rendered":"Novela \u201cSol Nascente\u201d resumo 09\/11: Alice pensa em se afastar de Mario"},"content":{"rendered":"<p> <img loading=\"lazy\" decoding=\"async\" class=\"alignleft size-thumbnail wp-image-91714\" src=\"https:\/\/migracao.redenoticia.com.br\/noticia\/imagens\/sol_nascente_resumo_novela_globo-150x112.jpg\" alt=\"sol_nascente_resumo_novela_globo\" width=\"150\" height=\"112\" srcset=\"https:\/\/migracao.redenoticia.com.br\/noticia\/imagens\/sol_nascente_resumo_novela_globo-150x112.jpg 150w, https:\/\/migracao.redenoticia.com.br\/noticia\/imagens\/sol_nascente_resumo_novela_globo-265x198.jpg 265w\" sizes=\"auto, (max-width: 150px) 100vw, 150px\" \/><strong><em>Novela \u201cSol Nascente\u201d resumo 09\/11<\/em><\/strong>: na casa de Tanaka, este incentiva Alice a ir ao hospital ver Carolina. Alice chega ao hospital e \u00e9 destratada por Ana. Carolina, ao ver Alice, finge ter uma crise e Mario tenta tranquiliz\u00e1-la. Enquanto isso, Cesar questiona Patrick sobre o estado de Carolina e, depois, sugere a Ana que Carolina seja acompanhada por um psiquiatra. Mario quer saber mais sobre o que ocorreu com Carol, mas n\u00e3o consegue as c\u00f3pias dos documentos no posto m\u00e9dico. Alice, pensa em se afastar de Mario.<\/p>\n<p>No cap\u00edtulo 062(*), novela \u201cSol Nascente\u201d, quarta-feira, 09 de novembro \u2013 Carolina finge ter uma crise ao ver Alice e Mario tenta tranquiliz\u00e1-la. Cesar questiona Patrick sobre o estado de Carolina. Geppina ampara Mario e Alice. Cesar sugere a Ana que Carolina seja acompanhada por um psiquiatra. <\/p>\n<p>Peppino pede que Hideo o ajude a se aproximar de Nanda. Hir\u00f4 fica desanimada com o namoro com Akira. Mario n\u00e3o consegue as c\u00f3pias dos documentos de Carolina no posto m\u00e9dico. Mieko insiste para que Tanaka tome uma medica\u00e7\u00e3o e Jo\u00e3o Amaro n\u00e3o gosta. Yumi fica sem gra\u00e7a quando Dora faz confid\u00eancias sobre seu casamento. <\/p>\n<p>Jo\u00e3o Amaro entrega a Cesar o dossi\u00ea sobre Patrick. Gaetano comenta com Tanaka que n\u00e3o confia em Jo\u00e3o Amaro. Felipe pergunta se Lenita est\u00e1 envolvida com Vittorio. Alice pensa em se afastar de Mario.<\/p>\n<p>(*) edi\u00e7\u00e3o da Rede Globo, Novela \u201cSol Nascente\u201d, sujeito a altera\u00e7\u00e3o de data e conte\u00fado.<\/p>\n","protected":false},"excerpt":{"rendered":"<p>Novela \u201cSol Nascente\u201d resumo 09\/11: na casa de Tanaka, este incentiva Alice a ir ao hospital ver Carolina. Alice chega ao hospital e \u00e9 destratada por Ana. Carolina, ao ver Alice, finge ter uma crise e Mario tenta tranquiliz\u00e1-la. Enquanto isso, Cesar questiona Patrick sobre o estado de Carolina e, depois, sugere a Ana que [&hellip;]<\/p>\n","protected":false},"author":2,"featured_media":93943,"comment_status":"open","ping_status":"closed","sticky":false,"template":"","format":"standard","meta":{"tdm_status":"","tdm_grid_status":"","footnotes":""},"categories":[379,375,343],"tags":[441],"class_list":{"0":"post-99194","1":"post","2":"type-post","3":"status-publish","4":"format-standard","5":"has-post-thumbnail","7":"category-novelas","8":"category-rede-globo","9":"category-televisao","10":"tag-resumo-do-dia"},"_links":{"self":[{"href":"https:\/\/migracao.redenoticia.com.br\/noticia\/wp-json\/wp\/v2\/posts\/99194","targetHints":{"allow":["GET"]}}],"collection":[{"href":"https:\/\/migracao.redenoticia.com.br\/noticia\/wp-json\/wp\/v2\/posts"}],"about":[{"href":"https:\/\/migracao.redenoticia.com.br\/noticia\/wp-json\/wp\/v2\/types\/post"}],"author":[{"embeddable":true,"href":"https:\/\/migracao.redenoticia.com.br\/noticia\/wp-json\/wp\/v2\/users\/2"}],"replies":[{"embeddable":true,"href":"https:\/\/migracao.redenoticia.com.br\/noticia\/wp-json\/wp\/v2\/comments?post=99194"}],"version-history":[{"count":0,"href":"https:\/\/migracao.redenoticia.com.br\/noticia\/wp-json\/wp\/v2\/posts\/99194\/revisions"}],"wp:featuredmedia":[{"embeddable":true,"href":"https:\/\/migracao.redenoticia.com.br\/noticia\/wp-json\/wp\/v2\/media\/93943"}],"wp:attachment":[{"href":"https:\/\/migracao.redenoticia.com.br\/noticia\/wp-json\/wp\/v2\/media?parent=99194"}],"wp:term":[{"taxonomy":"category","embeddable":true,"href":"https:\/\/migracao.redenoticia.com.br\/noticia\/wp-json\/wp\/v2\/categories?post=99194"},{"taxonomy":"post_tag","embeddable":true,"href":"https:\/\/migracao.redenoticia.com.br\/noticia\/wp-json\/wp\/v2\/tags?post=99194"}],"curies":[{"name":"wp","href":"https:\/\/api.w.org\/{rel}","templated":true}]}}