{"id":99196,"date":"2016-11-08T17:37:34","date_gmt":"2016-11-08T19:37:34","guid":{"rendered":"http:\/\/www.redenoticia.com.br\/noticia\/?p=99196"},"modified":"2016-11-08T16:43:36","modified_gmt":"2016-11-08T18:43:36","slug":"novela-malhacao-resumo-0911-giovane-se-declara-para-joana","status":"publish","type":"post","link":"https:\/\/migracao.redenoticia.com.br\/noticia\/2016\/novela-malhacao-resumo-0911-giovane-se-declara-para-joana\/99196","title":{"rendered":"Novela \u201cMalha\u00e7\u00e3o\u201d resumo 09\/11: Giovane se declara para Joana"},"content":{"rendered":"<p> <img loading=\"lazy\" decoding=\"async\" class=\"alignleft size-thumbnail wp-image-91715\" src=\"https:\/\/migracao.redenoticia.com.br\/noticia\/imagens\/malhacao_pro_dia_nascer_feliz_resumo_novela-150x112.jpg\" alt=\"malhacao_pro_dia_nascer_feliz_resumo_novela\" width=\"150\" height=\"112\" srcset=\"https:\/\/migracao.redenoticia.com.br\/noticia\/imagens\/malhacao_pro_dia_nascer_feliz_resumo_novela-150x112.jpg 150w, https:\/\/migracao.redenoticia.com.br\/noticia\/imagens\/malhacao_pro_dia_nascer_feliz_resumo_novela-265x198.jpg 265w\" sizes=\"auto, (max-width: 150px) 100vw, 150px\" \/><strong><em>Novela \u201cMalha\u00e7\u00e3o\u201d resumo 09\/11<\/em><\/strong>: Giovane est\u00e1 cada vez mais encantado por Joana, ainda mais depois do beijo dos dois. O problema \u00e9 que a garota ainda \u00e9 apaixonada por Gabriel. Sincera, ela abre o jogo para Giovane. Ele fica triste, pois ela tinha que gostar logo de seu irm\u00e3o. Giovane lhe diz que aceita ficar ao lado de Joana como amigo, mas s\u00f3 por enquanto. Mais tarde, Giovane n\u00e3o aguenta e se declara para Joana. Depois, ele pede para que Joana o acompanhe na visita a Cleo. S\u00f3 que Gabriel tamb\u00e9m convida B\u00e1rbara para visitar a av\u00f3. L\u00f3gico que B\u00e1rbara reclama com Gabriel ao ver Joana e Giovane chegarem ao asilo para ver Cleo.<\/p>\n<p>No cap\u00edtulo 058(*), novela \u201cMalha\u00e7\u00e3o\u201d, quarta-feira, 09 de novembro \u2013 Ricardo e Joana se desentendem. Caio demite J\u00fanior. J\u00e9ssica \u00e9 fria com Belloto ao chegar na academia. Gabriel e Giovane pedem que Caio readmita J\u00fanior. <\/p>\n<p>Giovane se declara para Joana. Todos estranham quando Jab\u00e1 \u00e9 hostil com Juliana. Giovane pede para Joana acompanh\u00e1-lo na visita a Cleo. Ricardo vai com Juliana \u00e0 festa de J\u00fanior. <\/p>\n<p>J\u00e9ssica nega que esteja namorando Belloto. Ricardo finge que \u00e9 casado com T\u00e2nia na festa de J\u00fanior. B\u00e1rbara reclama com Gabriel ao ver Joana e Giovane chegarem ao asilo para ver Cleo.<\/p>\n<p>(*) edi\u00e7\u00e3o da Rede Globo, Novela \u201cMalha\u00e7\u00e3o\u201d, sujeito a altera\u00e7\u00e3o de data e conte\u00fado.<\/p>\n","protected":false},"excerpt":{"rendered":"<p>Novela \u201cMalha\u00e7\u00e3o\u201d resumo 09\/11: Giovane est\u00e1 cada vez mais encantado por Joana, ainda mais depois do beijo dos dois. O problema \u00e9 que a garota ainda \u00e9 apaixonada por Gabriel. Sincera, ela abre o jogo para Giovane. Ele fica triste, pois ela tinha que gostar logo de seu irm\u00e3o. Giovane lhe diz que aceita ficar [&hellip;]<\/p>\n","protected":false},"author":2,"featured_media":91715,"comment_status":"open","ping_status":"closed","sticky":false,"template":"","format":"standard","meta":{"tdm_status":"","tdm_grid_status":"","footnotes":""},"categories":[447,379,375,343],"tags":[441],"class_list":{"0":"post-99196","1":"post","2":"type-post","3":"status-publish","4":"format-standard","5":"has-post-thumbnail","7":"category-malhacao","8":"category-novelas","9":"category-rede-globo","10":"category-televisao","11":"tag-resumo-do-dia"},"_links":{"self":[{"href":"https:\/\/migracao.redenoticia.com.br\/noticia\/wp-json\/wp\/v2\/posts\/99196","targetHints":{"allow":["GET"]}}],"collection":[{"href":"https:\/\/migracao.redenoticia.com.br\/noticia\/wp-json\/wp\/v2\/posts"}],"about":[{"href":"https:\/\/migracao.redenoticia.com.br\/noticia\/wp-json\/wp\/v2\/types\/post"}],"author":[{"embeddable":true,"href":"https:\/\/migracao.redenoticia.com.br\/noticia\/wp-json\/wp\/v2\/users\/2"}],"replies":[{"embeddable":true,"href":"https:\/\/migracao.redenoticia.com.br\/noticia\/wp-json\/wp\/v2\/comments?post=99196"}],"version-history":[{"count":0,"href":"https:\/\/migracao.redenoticia.com.br\/noticia\/wp-json\/wp\/v2\/posts\/99196\/revisions"}],"wp:featuredmedia":[{"embeddable":true,"href":"https:\/\/migracao.redenoticia.com.br\/noticia\/wp-json\/wp\/v2\/media\/91715"}],"wp:attachment":[{"href":"https:\/\/migracao.redenoticia.com.br\/noticia\/wp-json\/wp\/v2\/media?parent=99196"}],"wp:term":[{"taxonomy":"category","embeddable":true,"href":"https:\/\/migracao.redenoticia.com.br\/noticia\/wp-json\/wp\/v2\/categories?post=99196"},{"taxonomy":"post_tag","embeddable":true,"href":"https:\/\/migracao.redenoticia.com.br\/noticia\/wp-json\/wp\/v2\/tags?post=99196"}],"curies":[{"name":"wp","href":"https:\/\/api.w.org\/{rel}","templated":true}]}}