{"id":99198,"date":"2016-11-08T16:42:51","date_gmt":"2016-11-08T18:42:51","guid":{"rendered":"http:\/\/www.redenoticia.com.br\/noticia\/?p=99198"},"modified":"2016-11-08T16:42:51","modified_gmt":"2016-11-08T18:42:51","slug":"novela-cheias-de-charme-resumo-0911-conrado-da-anel-para-isadora","status":"publish","type":"post","link":"https:\/\/migracao.redenoticia.com.br\/noticia\/2016\/novela-cheias-de-charme-resumo-0911-conrado-da-anel-para-isadora\/99198","title":{"rendered":"Novela \u201cCheias de Charme\u201d resumo 09\/11: Conrado d\u00e1 anel para Isadora"},"content":{"rendered":"<p> <img loading=\"lazy\" decoding=\"async\" class=\"alignleft size-thumbnail wp-image-95548\" src=\"https:\/\/migracao.redenoticia.com.br\/noticia\/imagens\/cheias-de-charme-novela-globo-internacional-resumo-proximo-capitulo-150x112.jpg\" alt=\"cheias-de-charme-novela-globo-internacional-resumo-proximo-capitulo\" width=\"150\" height=\"112\" \/><strong><em>Novela \u201cCheias de Charme\u201d resumo 09\/11<\/em><\/strong>: a equipe do Aperitivo Buf\u00ea chega \u00e0 casa dos Sarmento e Cida teme que Penha seja reconhecida. Otto \u00e9 recebido por Cida e S\u00f4nia n\u00e3o gosta. Conrado surge atrasado para o noivado e \u00e9 repreendido por Isadora. S\u00f4nia descobre que Otto prefere comida simples e resolve trocar o card\u00e1pio do jantar. Penha se oferece para servir os convidados no lugar de Cida. Conrado d\u00e1 o anel que foi de sua m\u00e3e para Isadora. O jantar \u00e9 servido e M\u00e1slova estranha o card\u00e1pio. Otto elogia o jantar e pede para cumprimentar o pessoal da cozinha. S\u00f4nia reconhece Ros\u00e1rio e Penha do clipe das Empreguetes.<\/p>\n<p>No cap\u00edtulo 038(*), novela \u201cCheias de Charme\u201d, quarta-feira, 09 de novembro \u2013 a equipe do Aperitivo Buf\u00ea chega \u00e0 casa dos Sarmento e Cida teme que Penha seja reconhecida. Otto \u00e9 recebido por Cida e S\u00f4nia n\u00e3o gosta. Conrado surge atrasado para o noivado e \u00e9 repreendido por Isadora. S\u00f4nia descobre que Otto prefere comida simples e resolve trocar o card\u00e1pio do jantar. <\/p>\n<p>Rodinei faz uma entrega na casa de Lygia e se surpreende ao ver Liara. Penha se oferece para servir os convidados no lugar de Cida. Conrado d\u00e1 o anel que foi de sua m\u00e3e para Isadora. Chayene fica furiosa com Socorro e manda demiti-la, mas a dom\u00e9stica implora para ficar e La\u00e9rcio cede. O jantar \u00e9 servido e M\u00e1slova estranha o card\u00e1pio. <\/p>\n<p>Chayene decide ver seu futuro e convoca uma vidente at\u00e9 sua casa. Otto elogia o jantar e pede para cumprimentar o pessoal da cozinha. Madame Kastrupe faz previs\u00f5es para Chayene e a cantora acha que a vidente est\u00e1 falando de Ros\u00e1rio. S\u00f4nia reconhece Ros\u00e1rio e Penha do clipe das Empreguetes.<\/p>\n<p>(*) edi\u00e7\u00e3o da Rede Globo, Novela \u201cCheias de Charme\u201d, sujeito a altera\u00e7\u00e3o de data e conte\u00fado.<\/p>\n","protected":false},"excerpt":{"rendered":"<p>Novela \u201cCheias de Charme\u201d resumo 09\/11: a equipe do Aperitivo Buf\u00ea chega \u00e0 casa dos Sarmento e Cida teme que Penha seja reconhecida. Otto \u00e9 recebido por Cida e S\u00f4nia n\u00e3o gosta. Conrado surge atrasado para o noivado e \u00e9 repreendido por Isadora. S\u00f4nia descobre que Otto prefere comida simples e resolve trocar o card\u00e1pio [&hellip;]<\/p>\n","protected":false},"author":2,"featured_media":95548,"comment_status":"open","ping_status":"closed","sticky":false,"template":"","format":"standard","meta":{"tdm_status":"","tdm_grid_status":"","footnotes":""},"categories":[379,375,343],"tags":[441],"class_list":{"0":"post-99198","1":"post","2":"type-post","3":"status-publish","4":"format-standard","5":"has-post-thumbnail","7":"category-novelas","8":"category-rede-globo","9":"category-televisao","10":"tag-resumo-do-dia"},"_links":{"self":[{"href":"https:\/\/migracao.redenoticia.com.br\/noticia\/wp-json\/wp\/v2\/posts\/99198","targetHints":{"allow":["GET"]}}],"collection":[{"href":"https:\/\/migracao.redenoticia.com.br\/noticia\/wp-json\/wp\/v2\/posts"}],"about":[{"href":"https:\/\/migracao.redenoticia.com.br\/noticia\/wp-json\/wp\/v2\/types\/post"}],"author":[{"embeddable":true,"href":"https:\/\/migracao.redenoticia.com.br\/noticia\/wp-json\/wp\/v2\/users\/2"}],"replies":[{"embeddable":true,"href":"https:\/\/migracao.redenoticia.com.br\/noticia\/wp-json\/wp\/v2\/comments?post=99198"}],"version-history":[{"count":0,"href":"https:\/\/migracao.redenoticia.com.br\/noticia\/wp-json\/wp\/v2\/posts\/99198\/revisions"}],"wp:featuredmedia":[{"embeddable":true,"href":"https:\/\/migracao.redenoticia.com.br\/noticia\/wp-json\/wp\/v2\/media\/95548"}],"wp:attachment":[{"href":"https:\/\/migracao.redenoticia.com.br\/noticia\/wp-json\/wp\/v2\/media?parent=99198"}],"wp:term":[{"taxonomy":"category","embeddable":true,"href":"https:\/\/migracao.redenoticia.com.br\/noticia\/wp-json\/wp\/v2\/categories?post=99198"},{"taxonomy":"post_tag","embeddable":true,"href":"https:\/\/migracao.redenoticia.com.br\/noticia\/wp-json\/wp\/v2\/tags?post=99198"}],"curies":[{"name":"wp","href":"https:\/\/api.w.org\/{rel}","templated":true}]}}