{"id":99241,"date":"2016-11-09T19:13:34","date_gmt":"2016-11-09T21:13:34","guid":{"rendered":"http:\/\/www.redenoticia.com.br\/noticia\/?p=99241"},"modified":"2016-11-08T20:15:33","modified_gmt":"2016-11-08T22:15:33","slug":"novela-sila-resumo-1011-abay-e-feride-veem-a-escola-em-chamas","status":"publish","type":"post","link":"https:\/\/migracao.redenoticia.com.br\/noticia\/2016\/novela-sila-resumo-1011-abay-e-feride-veem-a-escola-em-chamas\/99241","title":{"rendered":"Novela \u201cSila\u201d resumo 10\/11: Abay e Feride veem a escola em chamas"},"content":{"rendered":"<p> <img loading=\"lazy\" decoding=\"async\" class=\"alignleft size-thumbnail wp-image-83098\" src=\"https:\/\/migracao.redenoticia.com.br\/noticia\/imagens\/sila_band_novela_resumo_capitulo-150x112.jpg\" alt=\"sila_band_novela_resumo_capitulo\" width=\"150\" height=\"112\" srcset=\"https:\/\/migracao.redenoticia.com.br\/noticia\/imagens\/sila_band_novela_resumo_capitulo-150x112.jpg 150w, https:\/\/migracao.redenoticia.com.br\/noticia\/imagens\/sila_band_novela_resumo_capitulo-265x198.jpg 265w\" sizes=\"auto, (max-width: 150px) 100vw, 150px\" \/><strong><em> Novela \u201cSila\u201d resumo 10\/11<\/em><\/strong>: Boran conversa com as crian\u00e7as da escola e marca uma reuni\u00e3o com os pais, mas poucos comparecem. O chefe Ali se re\u00fane com os homens do cl\u00e3 para colocar em pr\u00e1tica o plano de destruir a escola de Sila. Abay e Feride veem a escola em chamas. Abay consegue evitar o pior. Boran investiga o inc\u00eandio na escola. Chefe Ali presta depoimento \u00e0 pol\u00edcia e nega qualquer participa\u00e7\u00e3o no inc\u00eandio.<\/p>\n<p>No capitulo 191 (*), novela \u201cSila\u201d, quinta-feira, 10 de novembro &#8211; o chefe Ali se re\u00fane com os homens do cl\u00e3 para colocar em pr\u00e1tica o plano de destruir a escola de Sila. O chefe Zinar defende Umu como sua filha e concorda que ela se separe de seu filho Dilaver. Dilaver agradece ao pai por ter apoiado o casamento dele com Ceren. Abay e Feride veem a escola em chamas. Abay consegue evitar o pior. Ayse e Hussein n\u00e3o chegam a um acordo sobre a data do casamento.<\/p>\n<p> Boran investiga o inc\u00eandio na escola. Chefe Ali presta depoimento \u00e0 pol\u00edcia e nega qualquer participa\u00e7\u00e3o no inc\u00eandio. Celil se finge de louco quando se v\u00ea obrigado a pagar o dinheiro que deve a um amigo. Sila responde bem ao tratamento. Bedirhan completa 1 ano de idade e Sila sai do hospital para comemorar o anivers\u00e1rio do filho.<\/p>\n<p> Boran d\u00e1 uma joia de presente para Sila. Bedar se preocupa com a sa\u00fade de Celil e ele conta tudo sobre o golpe que sofreu. Boran oferece dinheiro para que Celil pague a d\u00edvida que fez. Celil se livre de todos os seus problemas e se sente aliviado. <\/p>\n<p>(*) edi\u00e7\u00e3o da Band, Novela \u201cSila\u201d, sujeito a altera\u00e7\u00e3o de data e conte\u00fado.<\/p>\n","protected":false},"excerpt":{"rendered":"<p>Novela \u201cSila\u201d resumo 10\/11: Boran conversa com as crian\u00e7as da escola e marca uma reuni\u00e3o com os pais, mas poucos comparecem. O chefe Ali se re\u00fane com os homens do cl\u00e3 para colocar em pr\u00e1tica o plano de destruir a escola de Sila. Abay e Feride veem a escola em chamas. Abay consegue evitar o [&hellip;]<\/p>\n","protected":false},"author":2,"featured_media":83098,"comment_status":"open","ping_status":"closed","sticky":false,"template":"","format":"standard","meta":{"tdm_status":"","tdm_grid_status":"","footnotes":""},"categories":[390,379,343],"tags":[441],"class_list":{"0":"post-99241","1":"post","2":"type-post","3":"status-publish","4":"format-standard","5":"has-post-thumbnail","7":"category-band","8":"category-novelas","9":"category-televisao","10":"tag-resumo-do-dia"},"_links":{"self":[{"href":"https:\/\/migracao.redenoticia.com.br\/noticia\/wp-json\/wp\/v2\/posts\/99241","targetHints":{"allow":["GET"]}}],"collection":[{"href":"https:\/\/migracao.redenoticia.com.br\/noticia\/wp-json\/wp\/v2\/posts"}],"about":[{"href":"https:\/\/migracao.redenoticia.com.br\/noticia\/wp-json\/wp\/v2\/types\/post"}],"author":[{"embeddable":true,"href":"https:\/\/migracao.redenoticia.com.br\/noticia\/wp-json\/wp\/v2\/users\/2"}],"replies":[{"embeddable":true,"href":"https:\/\/migracao.redenoticia.com.br\/noticia\/wp-json\/wp\/v2\/comments?post=99241"}],"version-history":[{"count":0,"href":"https:\/\/migracao.redenoticia.com.br\/noticia\/wp-json\/wp\/v2\/posts\/99241\/revisions"}],"wp:featuredmedia":[{"embeddable":true,"href":"https:\/\/migracao.redenoticia.com.br\/noticia\/wp-json\/wp\/v2\/media\/83098"}],"wp:attachment":[{"href":"https:\/\/migracao.redenoticia.com.br\/noticia\/wp-json\/wp\/v2\/media?parent=99241"}],"wp:term":[{"taxonomy":"category","embeddable":true,"href":"https:\/\/migracao.redenoticia.com.br\/noticia\/wp-json\/wp\/v2\/categories?post=99241"},{"taxonomy":"post_tag","embeddable":true,"href":"https:\/\/migracao.redenoticia.com.br\/noticia\/wp-json\/wp\/v2\/tags?post=99241"}],"curies":[{"name":"wp","href":"https:\/\/api.w.org\/{rel}","templated":true}]}}