{"id":99243,"date":"2016-11-09T19:21:06","date_gmt":"2016-11-09T21:21:06","guid":{"rendered":"http:\/\/www.redenoticia.com.br\/noticia\/?p=99243"},"modified":"2016-11-08T20:22:09","modified_gmt":"2016-11-08T22:22:09","slug":"novela-ezel-resumo-1011-omer-comeca-a-mudar-seu-rosto","status":"publish","type":"post","link":"https:\/\/migracao.redenoticia.com.br\/noticia\/2016\/novela-ezel-resumo-1011-omer-comeca-a-mudar-seu-rosto\/99243","title":{"rendered":"Novela \u201cEzel\u201d resumo 10\/11: Omer come\u00e7a a mudar seu rosto"},"content":{"rendered":"<p> <img loading=\"lazy\" decoding=\"async\" class=\"alignleft size-thumbnail wp-image-98061\" src=\"https:\/\/migracao.redenoticia.com.br\/noticia\/imagens\/ezel_novela_band_resumo-150x112.jpg\" alt=\"ezel_novela_band_resumo\" width=\"150\" height=\"112\" srcset=\"https:\/\/migracao.redenoticia.com.br\/noticia\/imagens\/ezel_novela_band_resumo-150x112.jpg 150w, https:\/\/migracao.redenoticia.com.br\/noticia\/imagens\/ezel_novela_band_resumo-265x198.jpg 265w\" sizes=\"auto, (max-width: 150px) 100vw, 150px\" \/><strong><em> Novela \u201cEzel\u201d resumo 10\/11<\/em><\/strong>: come\u00e7a um grande inc\u00eandio na pris\u00e3o, e, para conseguir sair, Omer oferece dinheiro aos seguran\u00e7as. Omer fica inconsciente e acorda apenas no hospital. L\u00e1 ele encontra Ramis, diz para o amigo que j\u00e1 est\u00e1 tudo esquematizado e que agora todo mundo pensa que ele morreu no inc\u00eandio. Omer come\u00e7a a mudar completamente seu rosto atrav\u00e9s de cirurgias pl\u00e1sticas.<\/p>\n<p>No capitulo 004 (*), novela \u201cEzel\u201d, quinta-feira, 10 de novembro &#8211; mesmo balan\u00e7ado depois de Eysan, Ezel n\u00e3o desiste de por em pr\u00e1tica seu plano de vingan\u00e7a. Ele descobre que Eysan tem um filho e que agora est\u00e1 casada com um de seus melhores amigos do passado, Cengiz. Ali, Eysan e Cengiz se uniram para incriminar Omer por roubo e assassinato no cassino e por isso ele foi condenado \u00e0 pris\u00e3o perp\u00e9tua.<\/p>\n<p>Na pris\u00e3o, Omer \u00e9 torturado e sofre agress\u00f5es constantes. Mesmo jurando inoc\u00eancia, ele n\u00e3o consegue escapar de seu destino, passar o resto de sua vida na cadeia. At\u00e9 a fam\u00edlia do rapaz acredita que ele \u00e9 o culpado. Quando Ezel e Eysan se encontram, doze anos depois, ela n\u00e3o reconhece o novo rosto do antigo amor, mas Ezel ainda sente algo por ela.<\/p>\n<p> Eysan e Cengiz agora s\u00e3o os donos do luxuoso cassino, mas ela n\u00e3o esconde sua infelicidade. Cengiz faz de tudo para agrad\u00e1-la, mas n\u00e3o consegue. No fundo, ele sabe que Eysan jamais esqueceu seu grande amor, mas agora \u00e9 tarde para arrependimentos. O que ningu\u00e9m poderia imaginar \u00e9 que Omer escapou da pris\u00e3o e foi dado como morto. Agora, ele \u00e9 Ezel, o misterioso h\u00f3spede do hotel que chegou com outro rosto e outra identidade, para fazer com que seus algozes paguem pelo que fizeram no passado.<\/p>\n<p>(*) edi\u00e7\u00e3o da Band, Novela \u201cEzel\u201d, sujeito a altera\u00e7\u00e3o de data e conte\u00fado.<\/p>\n","protected":false},"excerpt":{"rendered":"<p>Novela \u201cEzel\u201d resumo 10\/11: come\u00e7a um grande inc\u00eandio na pris\u00e3o, e, para conseguir sair, Omer oferece dinheiro aos seguran\u00e7as. Omer fica inconsciente e acorda apenas no hospital. L\u00e1 ele encontra Ramis, diz para o amigo que j\u00e1 est\u00e1 tudo esquematizado e que agora todo mundo pensa que ele morreu no inc\u00eandio. Omer come\u00e7a a mudar [&hellip;]<\/p>\n","protected":false},"author":2,"featured_media":98061,"comment_status":"open","ping_status":"closed","sticky":false,"template":"","format":"standard","meta":{"tdm_status":"","tdm_grid_status":"","footnotes":""},"categories":[390,379,343],"tags":[441],"class_list":{"0":"post-99243","1":"post","2":"type-post","3":"status-publish","4":"format-standard","5":"has-post-thumbnail","7":"category-band","8":"category-novelas","9":"category-televisao","10":"tag-resumo-do-dia"},"_links":{"self":[{"href":"https:\/\/migracao.redenoticia.com.br\/noticia\/wp-json\/wp\/v2\/posts\/99243","targetHints":{"allow":["GET"]}}],"collection":[{"href":"https:\/\/migracao.redenoticia.com.br\/noticia\/wp-json\/wp\/v2\/posts"}],"about":[{"href":"https:\/\/migracao.redenoticia.com.br\/noticia\/wp-json\/wp\/v2\/types\/post"}],"author":[{"embeddable":true,"href":"https:\/\/migracao.redenoticia.com.br\/noticia\/wp-json\/wp\/v2\/users\/2"}],"replies":[{"embeddable":true,"href":"https:\/\/migracao.redenoticia.com.br\/noticia\/wp-json\/wp\/v2\/comments?post=99243"}],"version-history":[{"count":0,"href":"https:\/\/migracao.redenoticia.com.br\/noticia\/wp-json\/wp\/v2\/posts\/99243\/revisions"}],"wp:featuredmedia":[{"embeddable":true,"href":"https:\/\/migracao.redenoticia.com.br\/noticia\/wp-json\/wp\/v2\/media\/98061"}],"wp:attachment":[{"href":"https:\/\/migracao.redenoticia.com.br\/noticia\/wp-json\/wp\/v2\/media?parent=99243"}],"wp:term":[{"taxonomy":"category","embeddable":true,"href":"https:\/\/migracao.redenoticia.com.br\/noticia\/wp-json\/wp\/v2\/categories?post=99243"},{"taxonomy":"post_tag","embeddable":true,"href":"https:\/\/migracao.redenoticia.com.br\/noticia\/wp-json\/wp\/v2\/tags?post=99243"}],"curies":[{"name":"wp","href":"https:\/\/api.w.org\/{rel}","templated":true}]}}