{"id":99261,"date":"2016-11-09T18:05:24","date_gmt":"2016-11-09T20:05:24","guid":{"rendered":"http:\/\/www.redenoticia.com.br\/noticia\/?p=99261"},"modified":"2016-11-09T17:11:15","modified_gmt":"2016-11-09T19:11:15","slug":"novela-malhacao-resumo-1011-ricardo-tenta-convencer-tania-a-aceitar-sua-carona","status":"publish","type":"post","link":"https:\/\/migracao.redenoticia.com.br\/noticia\/2016\/novela-malhacao-resumo-1011-ricardo-tenta-convencer-tania-a-aceitar-sua-carona\/99261","title":{"rendered":"Novela \u201cMalha\u00e7\u00e3o\u201d resumo 10\/11: Ricardo tenta convencer T\u00e2nia a aceitar sua carona"},"content":{"rendered":"<p><img loading=\"lazy\" decoding=\"async\" class=\"alignleft size-thumbnail wp-image-91715\" src=\"https:\/\/migracao.redenoticia.com.br\/noticia\/imagens\/malhacao_pro_dia_nascer_feliz_resumo_novela-150x112.jpg\" alt=\"malhacao_pro_dia_nascer_feliz_resumo_novela\" width=\"150\" height=\"112\" srcset=\"https:\/\/migracao.redenoticia.com.br\/noticia\/imagens\/malhacao_pro_dia_nascer_feliz_resumo_novela-150x112.jpg 150w, https:\/\/migracao.redenoticia.com.br\/noticia\/imagens\/malhacao_pro_dia_nascer_feliz_resumo_novela-265x198.jpg 265w\" sizes=\"auto, (max-width: 150px) 100vw, 150px\" \/><strong><em>Novela \u201cMalha\u00e7\u00e3o\u201d resumo 10\/11<\/em><\/strong>:\u00a0Ricardo decide ir \u00e0 festa de\u00a0J\u00fanior a pedido de\u00a0Juliana, mas a fama de jogador de v\u00f4lei o persegue. A comemora\u00e7\u00e3o rola solta quando ele decide ir pegar uma bebida e \u00e9 abordado por duas meninas bem saidinhas, que pedem um aut\u00f3grafo e se insinuam. Para fugir do ass\u00e9dio, ele inventa que est\u00e1 acompanhado e, quando\u00a0T\u00e2nia chega, ele a surpreende ao dizer que estava a falar dela. T\u00e2nia n\u00e3o entende nada, at\u00e9 que uma das meninas a olha dos p\u00e9s a cabe\u00e7a e diz que a esposa dele \u00e9 muito bonita. As meninas saem e T\u00e2nia, ainda surpresa, coloca o patr\u00e3o contra a parede e o deixa sem gra\u00e7a. T\u00e2nia fica desconfort\u00e1vel com a insist\u00eancia de Ricardo em fingir que \u00e9 seu marido. Depois, Ricardo tenta convencer T\u00e2nia a aceitar sua carona. Eles acabam por se beijar. T\u00e2nia se lembra de Carmem e se afasta de Ricardo.<\/p>\n<p>No cap\u00edtulo 059(*), novela \u201cMalha\u00e7\u00e3o\u201d, quinta-feira, 10 de novembro \u2013 Cleo tenta se lembrar de Giovane. T\u00e2nia fica desconfort\u00e1vel com a insist\u00eancia de Ricardo em fingir que \u00e9 seu marido.<\/p>\n<p>Giovane convence Joana a ir com ele para a festa de J\u00fanior. R\u00f4mulo d\u00e1 um anel para Nanda. Ricardo tenta convencer T\u00e2nia a aceitar sua carona. Ricardo e T\u00e2nia se beijam.<\/p>\n<p>Joana ajuda Juliana a dan\u00e7ar e Giovane e Gabriel se aproximam delas. T\u00e2nia lembra de Carmem e se afasta de Ricardo.<\/p>\n<p>(*) edi\u00e7\u00e3o da Rede Globo, Novela \u201cMalha\u00e7\u00e3o\u201d, sujeito a altera\u00e7\u00e3o de data e conte\u00fado.<\/p>\n","protected":false},"excerpt":{"rendered":"<p>Novela \u201cMalha\u00e7\u00e3o\u201d resumo 10\/11:\u00a0Ricardo decide ir \u00e0 festa de\u00a0J\u00fanior a pedido de\u00a0Juliana, mas a fama de jogador de v\u00f4lei o persegue. A comemora\u00e7\u00e3o rola solta quando ele decide ir pegar uma bebida e \u00e9 abordado por duas meninas bem saidinhas, que pedem um aut\u00f3grafo e se insinuam. Para fugir do ass\u00e9dio, ele inventa que est\u00e1 [&hellip;]<\/p>\n","protected":false},"author":4,"featured_media":91715,"comment_status":"open","ping_status":"closed","sticky":false,"template":"","format":"standard","meta":{"tdm_status":"","tdm_grid_status":"","footnotes":""},"categories":[447,379,375,343],"tags":[441],"class_list":{"0":"post-99261","1":"post","2":"type-post","3":"status-publish","4":"format-standard","5":"has-post-thumbnail","7":"category-malhacao","8":"category-novelas","9":"category-rede-globo","10":"category-televisao","11":"tag-resumo-do-dia"},"_links":{"self":[{"href":"https:\/\/migracao.redenoticia.com.br\/noticia\/wp-json\/wp\/v2\/posts\/99261","targetHints":{"allow":["GET"]}}],"collection":[{"href":"https:\/\/migracao.redenoticia.com.br\/noticia\/wp-json\/wp\/v2\/posts"}],"about":[{"href":"https:\/\/migracao.redenoticia.com.br\/noticia\/wp-json\/wp\/v2\/types\/post"}],"author":[{"embeddable":true,"href":"https:\/\/migracao.redenoticia.com.br\/noticia\/wp-json\/wp\/v2\/users\/4"}],"replies":[{"embeddable":true,"href":"https:\/\/migracao.redenoticia.com.br\/noticia\/wp-json\/wp\/v2\/comments?post=99261"}],"version-history":[{"count":0,"href":"https:\/\/migracao.redenoticia.com.br\/noticia\/wp-json\/wp\/v2\/posts\/99261\/revisions"}],"wp:featuredmedia":[{"embeddable":true,"href":"https:\/\/migracao.redenoticia.com.br\/noticia\/wp-json\/wp\/v2\/media\/91715"}],"wp:attachment":[{"href":"https:\/\/migracao.redenoticia.com.br\/noticia\/wp-json\/wp\/v2\/media?parent=99261"}],"wp:term":[{"taxonomy":"category","embeddable":true,"href":"https:\/\/migracao.redenoticia.com.br\/noticia\/wp-json\/wp\/v2\/categories?post=99261"},{"taxonomy":"post_tag","embeddable":true,"href":"https:\/\/migracao.redenoticia.com.br\/noticia\/wp-json\/wp\/v2\/tags?post=99261"}],"curies":[{"name":"wp","href":"https:\/\/api.w.org\/{rel}","templated":true}]}}