{"id":99318,"date":"2016-11-10T06:45:43","date_gmt":"2016-11-10T08:45:43","guid":{"rendered":"http:\/\/www.redenoticia.com.br\/noticia\/?p=99318"},"modified":"2016-11-09T18:46:44","modified_gmt":"2016-11-09T20:46:44","slug":"rede-estadual-sp-curso-gratuito-de-idiomas-tem-inscricoes-abertas","status":"publish","type":"post","link":"https:\/\/migracao.redenoticia.com.br\/noticia\/2016\/rede-estadual-sp-curso-gratuito-de-idiomas-tem-inscricoes-abertas\/99318","title":{"rendered":"Rede Estadual SP: curso gratuito de idiomas tem inscri\u00e7\u00f5es abertas"},"content":{"rendered":"<p> Os alunos da rede estadual que querem come\u00e7ar o ano aprendendo um novo idioma j\u00e1 podem se matricular nas turmas de 2017 do <em><strong>Centro de Estudo de L\u00ednguas<\/strong><\/em> (CEL). Em mais de 200 unidades do Estado j\u00e1 est\u00e3o com inscri\u00e7\u00f5es abertas para aulas de ingl\u00eas, espanhol, franc\u00eas, alem\u00e3o, italiano e japon\u00eas.<\/p>\n<p>Os cursos dependem da disponibilidade de cada unidade. O cronograma do CEL \u00e9 dividido em semestres e totaliza tr\u00eas anos de atividades (ou 480 aulas) para alunos a partir do 7\u00ba ano do Ensino Fundamental. A exce\u00e7\u00e3o \u00e9 o curso de ingl\u00eas, que tem dura\u00e7\u00e3o de um ano (ou 160 aulas) e \u00e9 direcionado ao Ensino M\u00e9dio.<\/p>\n<p>As aulas no CEL v\u00e3o al\u00e9m do idioma. Os cursos trabalham as tr\u00eas no\u00e7\u00f5es fundamentais para o aprendizado de uma segunda l\u00edngua: conversa\u00e7\u00e3o, gram\u00e1tica e leitura. Testes individuais e em grupo s\u00e3o aplicados para avaliar o desempenho dos alunos. Al\u00e9m disso, as aulas utilizam elementos da culin\u00e1ria, hist\u00f3ria, arte e m\u00fasica local.<\/p>\n<p>Inscri\u00e7\u00f5es<br \/>\nPara se inscrever, basta o candidato comparecer em uma das unidades de ensino com um documento de identifica\u00e7\u00e3o. Caso o aluno seja menor de idade, deve estar acompanhado pelos pais ou respons\u00e1vel no momento da matr\u00edcula.<\/p>\n<p>Para obter mais informa\u00e7\u00f5es, acesse o site da .<\/p>\n<p>Clique\u00a0\u00a0e veja a unidade mais pr\u00f3xima.<\/p>\n<p>Do Portal do Governo do Estado SP <\/p>\n","protected":false},"excerpt":{"rendered":"<p>Os alunos da rede estadual que querem come\u00e7ar o ano aprendendo um novo idioma j\u00e1 podem se matricular nas turmas de 2017 do Centro de Estudo de L\u00ednguas (CEL). Em mais de 200 unidades do Estado j\u00e1 est\u00e3o com inscri\u00e7\u00f5es abertas para aulas de ingl\u00eas, espanhol, franc\u00eas, alem\u00e3o, italiano e japon\u00eas. Os cursos dependem da [&hellip;]<\/p>\n","protected":false},"author":2,"featured_media":36244,"comment_status":"open","ping_status":"closed","sticky":false,"template":"","format":"standard","meta":{"tdm_status":"","tdm_grid_status":"","footnotes":""},"categories":[22,351,370],"tags":[],"class_list":{"0":"post-99318","1":"post","2":"type-post","3":"status-publish","4":"format-standard","5":"has-post-thumbnail","7":"category-brasil","8":"category-cursos","9":"category-inscricao"},"_links":{"self":[{"href":"https:\/\/migracao.redenoticia.com.br\/noticia\/wp-json\/wp\/v2\/posts\/99318","targetHints":{"allow":["GET"]}}],"collection":[{"href":"https:\/\/migracao.redenoticia.com.br\/noticia\/wp-json\/wp\/v2\/posts"}],"about":[{"href":"https:\/\/migracao.redenoticia.com.br\/noticia\/wp-json\/wp\/v2\/types\/post"}],"author":[{"embeddable":true,"href":"https:\/\/migracao.redenoticia.com.br\/noticia\/wp-json\/wp\/v2\/users\/2"}],"replies":[{"embeddable":true,"href":"https:\/\/migracao.redenoticia.com.br\/noticia\/wp-json\/wp\/v2\/comments?post=99318"}],"version-history":[{"count":0,"href":"https:\/\/migracao.redenoticia.com.br\/noticia\/wp-json\/wp\/v2\/posts\/99318\/revisions"}],"wp:featuredmedia":[{"embeddable":true,"href":"https:\/\/migracao.redenoticia.com.br\/noticia\/wp-json\/wp\/v2\/media\/36244"}],"wp:attachment":[{"href":"https:\/\/migracao.redenoticia.com.br\/noticia\/wp-json\/wp\/v2\/media?parent=99318"}],"wp:term":[{"taxonomy":"category","embeddable":true,"href":"https:\/\/migracao.redenoticia.com.br\/noticia\/wp-json\/wp\/v2\/categories?post=99318"},{"taxonomy":"post_tag","embeddable":true,"href":"https:\/\/migracao.redenoticia.com.br\/noticia\/wp-json\/wp\/v2\/tags?post=99318"}],"curies":[{"name":"wp","href":"https:\/\/api.w.org\/{rel}","templated":true}]}}