{"id":99320,"date":"2016-11-10T06:46:48","date_gmt":"2016-11-10T08:46:48","guid":{"rendered":"http:\/\/www.redenoticia.com.br\/noticia\/?p=99320"},"modified":"2016-11-09T18:47:38","modified_gmt":"2016-11-09T20:47:38","slug":"centro-paula-souza-tera-curso-inedito-de-big-data-no-agronegocio","status":"publish","type":"post","link":"https:\/\/migracao.redenoticia.com.br\/noticia\/2016\/centro-paula-souza-tera-curso-inedito-de-big-data-no-agronegocio\/99320","title":{"rendered":"Centro Paula Souza ter\u00e1 curso in\u00e9dito de Big Data no Agroneg\u00f3cio"},"content":{"rendered":"<p> O Centro Paula Souza vai oferecer em 2017 uma forma\u00e7\u00e3o in\u00e9dita no curso de <em><strong>Big Data no Agroneg\u00f3cio<\/strong><\/em>. O Objetivo \u00e9 formar profissionais capazes de manusear e interpretar grandes volumes de dados, a fim de gerar conhecimentos espec\u00edficos para a tomada de decis\u00f5es.<\/p>\n<p>O curso superior tecnol\u00f3gico, elaborado em parceria com a Funda\u00e7\u00e3o Shunji Nishimura de Tecnologia, com apoio de empresas como Intel, Totvs e SAP, ser\u00e1 ministrado na Faculdade de Tecnologia do Estado (Fatec) Pomp\u00e9ia.<\/p>\n<p>O conte\u00fado se baseia em cursos de mestrado oferecidos na Finl\u00e2ndia e nos Estados Unidos. Entre as disciplinas que ser\u00e3o estudadas est\u00e3o Internet das Coisas, Data Mining, Arquiteturas Cloud e Intelig\u00eancia Artificial.<\/p>\n<p>A Fatec Pompeia j\u00e1 oferece o curso de Mecaniza\u00e7\u00e3o em Agricultura de Precis\u00e3o, tamb\u00e9m em parceria com a Funda\u00e7\u00e3o Shunji Nishimura e in\u00e9dito \u00e0 \u00e9poca de seu lan\u00e7amento, em 2010.<\/p>\n<p>\u00c1reas de atua\u00e7\u00e3o<br \/>\nAp\u00f3s concluir o curso, os profissionais poder\u00e3o atuar na \u00e1rea de Tecnologia da Informa\u00e7\u00e3o de empresas do agroneg\u00f3cio como prestadores de servi\u00e7os de intelig\u00eancia e recomenda\u00e7\u00e3o agr\u00edcola, e ainda na \u00e1rea de infraestrutura cloud, prestando servi\u00e7os para empresas do agroneg\u00f3cio.<\/p>\n<p>O amplo espectro de atua\u00e7\u00e3o deve fazer com que os profissionais tamb\u00e9m levem seus conhecimentos ao pequeno produtor, por meio de consultorias.<\/p>\n<p>Os candidatos a uma vaga no curso de Big Data no Agroneg\u00f3cio devem ter perfil empreendedor e inovador, precisam gostar de matem\u00e1tica e programa\u00e7\u00e3o.<\/p>\n<p>A abertura das inscri\u00e7\u00f5es para o Vestibular das Fatecs para o primeiro semestre de 2017 come\u00e7a no pr\u00f3ximo dia 16 de novembro.<\/p>\n<p>Do Portal do Governo do Estado SP<\/p>\n","protected":false},"excerpt":{"rendered":"<p>O Centro Paula Souza vai oferecer em 2017 uma forma\u00e7\u00e3o in\u00e9dita no curso de Big Data no Agroneg\u00f3cio. O Objetivo \u00e9 formar profissionais capazes de manusear e interpretar grandes volumes de dados, a fim de gerar conhecimentos espec\u00edficos para a tomada de decis\u00f5es. O curso superior tecnol\u00f3gico, elaborado em parceria com a Funda\u00e7\u00e3o Shunji Nishimura [&hellip;]<\/p>\n","protected":false},"author":2,"featured_media":57576,"comment_status":"open","ping_status":"closed","sticky":false,"template":"","format":"standard","meta":{"tdm_status":"","tdm_grid_status":"","footnotes":""},"categories":[22,351,370],"tags":[],"class_list":{"0":"post-99320","1":"post","2":"type-post","3":"status-publish","4":"format-standard","5":"has-post-thumbnail","7":"category-brasil","8":"category-cursos","9":"category-inscricao"},"_links":{"self":[{"href":"https:\/\/migracao.redenoticia.com.br\/noticia\/wp-json\/wp\/v2\/posts\/99320","targetHints":{"allow":["GET"]}}],"collection":[{"href":"https:\/\/migracao.redenoticia.com.br\/noticia\/wp-json\/wp\/v2\/posts"}],"about":[{"href":"https:\/\/migracao.redenoticia.com.br\/noticia\/wp-json\/wp\/v2\/types\/post"}],"author":[{"embeddable":true,"href":"https:\/\/migracao.redenoticia.com.br\/noticia\/wp-json\/wp\/v2\/users\/2"}],"replies":[{"embeddable":true,"href":"https:\/\/migracao.redenoticia.com.br\/noticia\/wp-json\/wp\/v2\/comments?post=99320"}],"version-history":[{"count":0,"href":"https:\/\/migracao.redenoticia.com.br\/noticia\/wp-json\/wp\/v2\/posts\/99320\/revisions"}],"wp:featuredmedia":[{"embeddable":true,"href":"https:\/\/migracao.redenoticia.com.br\/noticia\/wp-json\/wp\/v2\/media\/57576"}],"wp:attachment":[{"href":"https:\/\/migracao.redenoticia.com.br\/noticia\/wp-json\/wp\/v2\/media?parent=99320"}],"wp:term":[{"taxonomy":"category","embeddable":true,"href":"https:\/\/migracao.redenoticia.com.br\/noticia\/wp-json\/wp\/v2\/categories?post=99320"},{"taxonomy":"post_tag","embeddable":true,"href":"https:\/\/migracao.redenoticia.com.br\/noticia\/wp-json\/wp\/v2\/tags?post=99320"}],"curies":[{"name":"wp","href":"https:\/\/api.w.org\/{rel}","templated":true}]}}