{"id":9937,"date":"2009-08-28T14:01:54","date_gmt":"2009-08-28T18:01:54","guid":{"rendered":"http:\/\/www.redenoticia.com.br\/noticia\/?p=9937"},"modified":"2009-08-28T14:01:54","modified_gmt":"2009-08-28T18:01:54","slug":"confira-a-agenda-cultural-popular-deste-final-de-semana-em-sao-paulo","status":"publish","type":"post","link":"https:\/\/migracao.redenoticia.com.br\/noticia\/2009\/confira-a-agenda-cultural-popular-deste-final-de-semana-em-sao-paulo\/9937","title":{"rendered":"Confira a agenda cultural popular deste final de semana em S\u00e3o Paulo"},"content":{"rendered":"<p>Confira a agenda cultural popular deste final de semana em S\u00e3o Paulo e programe-se. Algumas atra\u00e7\u00f5es s\u00e3o gratuitas e outras t\u00eam pre\u00e7os populares. A capital paulista tem diversas atra\u00e7\u00f5es neste final de semana. Tem op\u00e7\u00f5es para todos os gostos e idades. Escolha a que mais lhe agrada e divirta-se:<br \/>\nCinema<\/p>\n<p>Cinema no Museu<br \/>\n1958 &#8211; O ano em que o mundo descobriu o Brasil. Dire\u00e7\u00e3o de Jos\u00e9 Carlos Asbeg (Brasil, 2008). \u00cddolos do futebol como Pel\u00e9 e Garrincha fazem parte do document\u00e1rio que resgata a epopeia da conquista do primeiro t\u00edtulo mundial de futebol, na Copa da Su\u00e9cia, em 1958. A sele\u00e7\u00e3o sueca foi vice-campe\u00e3. O filme conta a hist\u00f3ria de cada jogo, nas lembran\u00e7as, nos depoimentos e entrevistas dados por Jo\u00e3o Havelange, Jo\u00e3o M\u00e1ximo e Luiz Carlos Barreto.<br \/>\nMuseu do Futebol<br \/>\nPra\u00e7a Charles Miller, s\/no &#8211; Audit\u00f3rio Armando Nogueira<br \/>\nTelefone (11) 3663-3848<br \/>\nSexta-feira, 28, \u00e0s 18h30<br \/>\nEntrada franca<\/p>\n<p>Teatro<\/p>\n<p>Projeto Canastra<br \/>\nPe\u00e7a-processo com intera\u00e7\u00e3o e participa\u00e7\u00e3o do p\u00fablico. Diante de 10 atores-jogadores, a plateia deve eliminar um deles a cada apresenta\u00e7\u00e3o. No final, ser\u00e1 descoberto quem sair\u00e1 vitorioso e ganhar\u00e1 o t\u00edtulo de ator-canastra. Autoria de Catarina S\u00e3o Martinho e Diogo Spinelli. Dire\u00e7\u00e3o de Diogo Spinelli. Com Amanda Del Corso, Bernardo Fonseca Machado, Camilo Schaden e grande elenco.<br \/>\nTeatro Laborat\u00f3rio da ECA\u00a0<br \/>\nAvenida Professor Luciano Gualberto, travessa J, 215 &#8211; Cidade Universit\u00e1ria<br \/>\nTelefone (11) 3091-4376<br \/>\nS\u00e1bado, 29, \u00e0s 21 horas, e domingo,30, \u00e0s 20h30<br \/>\nEntrada franca\u00a0<\/p>\n<p>Literatura<\/p>\n<p>Juliana Amaral e Rubens Nogueira<br \/>\nO projeto Conversa com Verso, que re\u00fane can\u00e7\u00e3o popular brasileira e poesia, recebe o violonista, compositor e instrumentista de sambas Rubens Nogueira, que acompanha a cantora Juliana Amaral na interpreta\u00e7\u00e3o da m\u00fasica P\u00f3 de giz, entre outras. O p\u00fablico \u00e9 convidado a interagir, trazendo suas m\u00fasicas e poesias.<br \/>\nCentro Cultural e de Estudos Superiores A\u00fathos Pagano<br \/>\nRua Thom\u00e9 de Souza, 997 &#8211; City Lapa<br \/>\nTelefone (11) 3836-4316<br \/>\nS\u00e1bado, 29, \u00e0s 16 horas<br \/>\nEntrada franca<\/p>\n<p>Val\u00e9ria Tarelho<br \/>\nNo Projeto Poeta em Cena, encena\u00e7\u00e3o de poemas da santista Val\u00e9ria Tarelho. Sua poesia desvela olhar perspicaz sobre o dia a dia e, em especial, sobre a rela\u00e7\u00e3o homem-mulher.<br \/>\nCasa das Rosas &#8211; Espa\u00e7o Haroldo de Campos de Poesia e Literatura<br \/>\nAvenida Paulista, 37 &#8211; Para\u00edso<br \/>\nTelefone (11) 3285-6986<br \/>\nS\u00e1bado, 29, \u00e0s 20 horas: apresenta\u00e7\u00e3o teatral seguida de conversa com a poeta<br \/>\nDomingo, 30, \u00e0s 20 horas: somente apresenta\u00e7\u00e3o teatral<br \/>\nEntrada franca<\/p>\n<p>M\u00fasica erudita<\/p>\n<p>Orquestra de C\u00e2mara da USP &#8211; Ocam<br \/>\nA maestrina convidada Carmen Helena T\u00e9llez, venezuelana radicada nos Estados Unidos e a professora da Universidade de Indiana (EUA), rege os m\u00fasicos da Ocam, em obras contempor\u00e2neas dos norte-americanos Cary Boyce, Shattered rainbows; John Adams, Shaker roops, al\u00e9m da pe\u00e7a de Igor Stravinsky, Pulcinella suite. Diretor art\u00edstico e regente titular da Ocam, maestro Gil Jardim.<br \/>\nFaculdade de Arquitetura e Urbanismo da USP<br \/>\nAudit\u00f3rio Ariosto Mila<br \/>\nRua do Lago, 876 &#8211; Cidade Universit\u00e1ria<br \/>\nTelefone (11) 3091-1603<br \/>\nSexta-feira, 28, \u00e0s 20h30<br \/>\nEntrada franca<\/p>\n<p>Museu de Arte de S\u00e3o Paulo &#8211; Masp\u00a0<br \/>\nAvenida Paulista, 1.578 &#8211; Cerqueira C\u00e9sar<br \/>\nTelefone (11) 3251-5644<br \/>\nDomingo, 30, \u00e0s16 horas<br \/>\nIngressos: R$ 8 e R$ 4 (meia-entrada)<\/p>\n<p>Arte do saxofone<br \/>\nNo projeto M\u00fasica no Museu, o grupo O saxofonia &#8211; Quarteto de saxofones apresenta recital com programa abrangente numa forma ainda pouco conhecida no Brasil de se tocar e ouvir saxofone. S\u00e3o obras que v\u00e3o de Johann Sebastian Bach, Pequena fuga em d\u00f3 menor; de Claude Debussy, La fille aux cheveux de Lin; aos contempor\u00e2neos Astor Piazzolla, Tr\u00eas momentos de Piazzolla, e Paquito D&#8217;Rivera, Wapango, entre outros.<br \/>\nMuseu da Casa Brasileira<br \/>\nAvenida Brigadeiro Faria Lima, 2.705 &#8211; Jardim Paulistano<br \/>\nTelefone (11) 3032-3727<br \/>\nDomingo, 30, \u00e0s 11 horas<br \/>\nEntrada franca<\/p>\n<p>Dan\u00e7a<\/p>\n<p>Quarteto para o fim dos tempos<br \/>\nA Sopro Companhia de Dan\u00e7a, sob a dire\u00e7\u00e3o de Roberto Amorim e Tatiana Portella, apresenta espet\u00e1culo em homenagem ao m\u00fasico Olivier Messiaen. A coreografia \u00e9 inspirada numa das pe\u00e7as de c\u00e2mara composta por Messiaen quando prisioneiro em um campo de concentra\u00e7\u00e3o, durante a Segunda Guerra Mundial.<br \/>\nTeatro de Dan\u00e7a &#8211; TD<br \/>\nAvenida Ipiranga, 344 &#8211; Rep\u00fablica<br \/>\nTelefone (11) 2189-2557<br \/>\nSexta-feira, 28, \u00e0s 21 horas; s\u00e1bado, 29, \u00e0s 20 horas e domingo, 30, \u00e0s 18 horas<br \/>\nIngressos: R$ 4 e R$ 2 (meia-entrada)<\/p>\n<p>Cinema infantil\u00a0<\/p>\n<p>Rob\u00f4s e engenhocas<br \/>\nProgresso, tecnologia e papel do ser humano diante da modernidade s\u00e3o temas do OfiCine. Curadoria de Marcos Kurtinaitis.<br \/>\nTurma da M\u00f4nica em uma aventura no tempo. Dire\u00e7\u00e3o de Maur\u00edcio de Souza (Brasil, 2006). Franjinha cria uma m\u00e1quina do tempo. M\u00f4nica, Cebolinha, Casc\u00e3o e Magali fazem confus\u00e3o no laborat\u00f3rio e provocam o transporte, para outra \u00e9poca, dos quatro elementos (\u00e1gua, fogo, terra e ar) que controlam a experi\u00eancia. A turma ter\u00e1 de recuper\u00e1-los para evitar o congelamento do mundo no espa\u00e7o. Ap\u00f3s a sess\u00e3o, oficina de storyboard (ferramenta de constru\u00e7\u00e3o e visualiza\u00e7\u00e3o de roteiros, criada para filmes de anima\u00e7\u00e3o).<br \/>\nMuseu da Imagem e do Som de S\u00e3o Paulo &#8211; MIS<br \/>\nAvenida Europa, 158 &#8211; Jardim Europa<br \/>\nTelefone (11) 2117-4777<br \/>\nDomingo, 30, \u00e0s 15 horas<br \/>\nEntrada franca<\/p>\n<p>Exposi\u00e7\u00e3o<\/p>\n<p>Origens<br \/>\nExibe 30 amplia\u00e7\u00f5es de fotos publicadas no livro Origem &#8211; Retratos de Fam\u00edlia no Brasil, da retratista brasileira Fifi Tong. A fot\u00f3grafa percorreu v\u00e1rias capitais do Pa\u00eds registrando imagens de fam\u00edlias de diferentes etnias e n\u00edveis sociais. Foram 15 anos de pesquisas para concluir o projeto, que resultou em um livro com 50 retratos.<br \/>\nMemorial do Imigrante<br \/>\nRua Visconde de Parna\u00edba, 1.316 &#8211; Mooca<br \/>\nTelefone (11) 2692-1866<br \/>\nTer\u00e7a-feira a domingo e feriados, das 10 \u00e0s 17 horas<br \/>\nIngressos: R$ 4 e R$ 2 (meia-entrada)<br \/>\nAbertura da exposi\u00e7\u00e3o: domingo, 30<br \/>\nAt\u00e9 30 de setembro<\/p>\n<p>O nome do Brasil<br \/>\nMostra em comemora\u00e7\u00e3o ao Ano da Fran\u00e7a no Brasil retrata, por meio de imagens e mapas, as idas e vindas dos franceses ao Pa\u00eds e sua rela\u00e7\u00e3o com os \u00edndios brasileiros, a partir do s\u00e9culo 15.<br \/>\nPal\u00e1cio dos Bandeirantes<br \/>\nAvenida Morumbi, 4.500 &#8211; Morumbi<br \/>\nTelefone (11) 2193-8282<br \/>\nTer\u00e7a-feira a domingo, das 10 \u00e0s 17 horas<br \/>\nEntrada franca<br \/>\nAt\u00e9 18 de outubro<\/p>\n<p>9 \u00ba Pr\u00eamio Jovens Arquitetos<br \/>\nMostra de trabalhos de arquitetos selecionados nas categorias arquitetura, urbanismo e ensaios cr\u00edticos de arquitetura e urbanismo, para a 9a edi\u00e7\u00e3o do pr\u00eamio, promovido pelo Instituto de Arquitetos do Brasil.<br \/>\nMuseu da Casa Brasileira<br \/>\nAvenida Brigadeiro Faria Lima, 2.705 &#8211; Jardim Paulistano<br \/>\nTelefone (11) 3032-3727<br \/>\nTer\u00e7a-feira a domingo, das 10 \u00e0s 18 horas<br \/>\nIngressos: R$ 4 e R$ 2 (meia-entrada). Gr\u00e1tis aos domingos e feriados<br \/>\nAt\u00e9 6 de setembro<\/p>\n<p>A escrita chinesa: das inscri\u00e7\u00f5es oraculares aos d\u00edgitos bin\u00e1rios<br \/>\nPatrocinada pelo Instituto Conf\u00facio, em parceria com a Embaixada da Rep\u00fablica Popular da China, mostra re\u00fane 84 pain\u00e9is explicativos sobre a hist\u00f3ria da milenar escrita chinesa da pr\u00e9-hist\u00f3ria at\u00e9 a era da inform\u00e1tica e 17 pe\u00e7as, entre ossos, cer\u00e2micas e vasos antigos. Durante a exposi\u00e7\u00e3o est\u00e3o programadas exibi\u00e7\u00e3o de filmes chineses, de dan\u00e7a, de lutas marciais, oficinas de caligrafia e palestras sobre a China.<br \/>\nInstituto de Artes da Unesp<br \/>\nRua Doutor Bento Teobaldo Ferraz, 271 &#8211; Barra Funda<br \/>\nTelefone (11) 3107-2943<br \/>\nSegunda a sexta-feira, das 9 \u00e0s 18 horas, aos s\u00e1bados, das 9 \u00e0s 13 horas<br \/>\nEntrada franca<br \/>\nAt\u00e9 10 de setembro<\/p>\n<p>Da Imprensa Oficial<\/p>\n","protected":false},"excerpt":{"rendered":"<p>Confira a agenda cultural popular deste final de semana em S\u00e3o Paulo e programe-se. Algumas atra\u00e7\u00f5es s\u00e3o gratuitas e outras t\u00eam pre\u00e7os populares. A capital paulista tem diversas atra\u00e7\u00f5es neste final de semana. Tem op\u00e7\u00f5es para todos os gostos e idades. Escolha a que mais lhe agrada e divirta-se: Cinema Cinema no Museu 1958 &#8211; [&hellip;]<\/p>\n","protected":false},"author":3,"featured_media":0,"comment_status":"open","ping_status":"open","sticky":false,"template":"","format":"standard","meta":{"tdm_status":"","tdm_grid_status":"","footnotes":""},"categories":[22],"tags":[],"class_list":{"0":"post-9937","1":"post","2":"type-post","3":"status-publish","4":"format-standard","6":"category-brasil"},"_links":{"self":[{"href":"https:\/\/migracao.redenoticia.com.br\/noticia\/wp-json\/wp\/v2\/posts\/9937","targetHints":{"allow":["GET"]}}],"collection":[{"href":"https:\/\/migracao.redenoticia.com.br\/noticia\/wp-json\/wp\/v2\/posts"}],"about":[{"href":"https:\/\/migracao.redenoticia.com.br\/noticia\/wp-json\/wp\/v2\/types\/post"}],"author":[{"embeddable":true,"href":"https:\/\/migracao.redenoticia.com.br\/noticia\/wp-json\/wp\/v2\/users\/3"}],"replies":[{"embeddable":true,"href":"https:\/\/migracao.redenoticia.com.br\/noticia\/wp-json\/wp\/v2\/comments?post=9937"}],"version-history":[{"count":0,"href":"https:\/\/migracao.redenoticia.com.br\/noticia\/wp-json\/wp\/v2\/posts\/9937\/revisions"}],"wp:attachment":[{"href":"https:\/\/migracao.redenoticia.com.br\/noticia\/wp-json\/wp\/v2\/media?parent=9937"}],"wp:term":[{"taxonomy":"category","embeddable":true,"href":"https:\/\/migracao.redenoticia.com.br\/noticia\/wp-json\/wp\/v2\/categories?post=9937"},{"taxonomy":"post_tag","embeddable":true,"href":"https:\/\/migracao.redenoticia.com.br\/noticia\/wp-json\/wp\/v2\/tags?post=9937"}],"curies":[{"name":"wp","href":"https:\/\/api.w.org\/{rel}","templated":true}]}}