{"id":99378,"date":"2016-11-10T18:05:26","date_gmt":"2016-11-10T20:05:26","guid":{"rendered":"http:\/\/www.redenoticia.com.br\/noticia\/?p=99378"},"modified":"2016-11-10T16:43:10","modified_gmt":"2016-11-10T18:43:10","slug":"novela-malhacao-resumo-1111-tania-se-lembra-da-mae-de-joana-e-afasta-ricardo","status":"publish","type":"post","link":"https:\/\/migracao.redenoticia.com.br\/noticia\/2016\/novela-malhacao-resumo-1111-tania-se-lembra-da-mae-de-joana-e-afasta-ricardo\/99378","title":{"rendered":"Novela \u201cMalha\u00e7\u00e3o\u201d resumo 11\/11: T\u00e2nia discute com Ricardo e F\u00e1bio os observa"},"content":{"rendered":"<p><img loading=\"lazy\" decoding=\"async\" class=\"alignleft size-thumbnail wp-image-91715\" src=\"https:\/\/migracao.redenoticia.com.br\/noticia\/imagens\/malhacao_pro_dia_nascer_feliz_resumo_novela-150x112.jpg\" alt=\"malhacao_pro_dia_nascer_feliz_resumo_novela\" width=\"150\" height=\"112\" srcset=\"https:\/\/migracao.redenoticia.com.br\/noticia\/imagens\/malhacao_pro_dia_nascer_feliz_resumo_novela-150x112.jpg 150w, https:\/\/migracao.redenoticia.com.br\/noticia\/imagens\/malhacao_pro_dia_nascer_feliz_resumo_novela-265x198.jpg 265w\" sizes=\"auto, (max-width: 150px) 100vw, 150px\" \/><strong><em>Novela \u201cMalha\u00e7\u00e3o\u201d resumo 11\/11<\/em><\/strong>:\u00a0Ricardo finge ser o marido de T\u00e2nia na festa de J\u00fanior e a recepcionista se incomoda com a situa\u00e7\u00e3o. Depois, em conversa com Ricardo, T\u00e2nia se mostra indignada com as atitudes de\u00a0B\u00e1rbara e, mais ainda, com as dele. Ela o questiona sobre a educa\u00e7\u00e3o de B\u00e1rbara e ele diz que a filha est\u00e1 com raiva dele porque descobriu que teve uma grande paix\u00e3o que n\u00e3o a m\u00e3e dela. T\u00e2nia diz que talvez fosse diferente se ele tivesse assumido o que fez quando a Carmem ficou gr\u00e1vida. Ricardo se incomoda com a indireta e quer saber aonde ela quer chegar, pois ele n\u00e3o sabia que Carmem tinha ficado gr\u00e1vida. T\u00e2nia diz que s\u00f3 estranha ele deixar de se interessar pela vida da Carmem justo quando ela engravidou. Mais tarde, ele a convence a aceitar uma carona e os dois se beijam no carro. T\u00e2nia se lembra da m\u00e3e de Joana e afasta Ricardo. A conversa \u00e9 vista por F\u00e1bio que acaba por confrontar a m\u00e3e.<\/p>\n<p>No cap\u00edtulo 060(*), novela \u201cMalha\u00e7\u00e3o\u201d, sexta-feira, 11 de novembro \u2013 T\u00e2nia discute com Ricardo e F\u00e1bio os observa. Tita tenta convencer Caio a n\u00e3o permitir que Joana viaje com ele e a equipe.<\/p>\n<p>F\u00e1bio questiona T\u00e2nia sobre o relacionamento com Ricardo. Juliana beija Lucas para fazer ci\u00fames em Giovane. B\u00e1rbara discute com Gabriel por causa de Joana. Joana tem um mau pressentimento sobre a viagem.<\/p>\n<p>Caio pro\u00edbe B\u00e1rbara de viajar com Gabriel. Nanda e R\u00f4mulo flagram J\u00e9ssica e Belloto juntos. Giovane e Gabriel discutem por causa de Joana. Giovane confessa a Gabriel que quer ficar com Joana.<\/p>\n<p>(*) edi\u00e7\u00e3o da Rede Globo, Novela \u201cMalha\u00e7\u00e3o\u201d, sujeito a altera\u00e7\u00e3o de data e conte\u00fado.<\/p>\n","protected":false},"excerpt":{"rendered":"<p>Novela \u201cMalha\u00e7\u00e3o\u201d resumo 11\/11:\u00a0Ricardo finge ser o marido de T\u00e2nia na festa de J\u00fanior e a recepcionista se incomoda com a situa\u00e7\u00e3o. Depois, em conversa com Ricardo, T\u00e2nia se mostra indignada com as atitudes de\u00a0B\u00e1rbara e, mais ainda, com as dele. Ela o questiona sobre a educa\u00e7\u00e3o de B\u00e1rbara e ele diz que a filha [&hellip;]<\/p>\n","protected":false},"author":4,"featured_media":91715,"comment_status":"open","ping_status":"closed","sticky":false,"template":"","format":"standard","meta":{"tdm_status":"","tdm_grid_status":"","footnotes":""},"categories":[447,379,375,343],"tags":[441],"class_list":{"0":"post-99378","1":"post","2":"type-post","3":"status-publish","4":"format-standard","5":"has-post-thumbnail","7":"category-malhacao","8":"category-novelas","9":"category-rede-globo","10":"category-televisao","11":"tag-resumo-do-dia"},"_links":{"self":[{"href":"https:\/\/migracao.redenoticia.com.br\/noticia\/wp-json\/wp\/v2\/posts\/99378","targetHints":{"allow":["GET"]}}],"collection":[{"href":"https:\/\/migracao.redenoticia.com.br\/noticia\/wp-json\/wp\/v2\/posts"}],"about":[{"href":"https:\/\/migracao.redenoticia.com.br\/noticia\/wp-json\/wp\/v2\/types\/post"}],"author":[{"embeddable":true,"href":"https:\/\/migracao.redenoticia.com.br\/noticia\/wp-json\/wp\/v2\/users\/4"}],"replies":[{"embeddable":true,"href":"https:\/\/migracao.redenoticia.com.br\/noticia\/wp-json\/wp\/v2\/comments?post=99378"}],"version-history":[{"count":0,"href":"https:\/\/migracao.redenoticia.com.br\/noticia\/wp-json\/wp\/v2\/posts\/99378\/revisions"}],"wp:featuredmedia":[{"embeddable":true,"href":"https:\/\/migracao.redenoticia.com.br\/noticia\/wp-json\/wp\/v2\/media\/91715"}],"wp:attachment":[{"href":"https:\/\/migracao.redenoticia.com.br\/noticia\/wp-json\/wp\/v2\/media?parent=99378"}],"wp:term":[{"taxonomy":"category","embeddable":true,"href":"https:\/\/migracao.redenoticia.com.br\/noticia\/wp-json\/wp\/v2\/categories?post=99378"},{"taxonomy":"post_tag","embeddable":true,"href":"https:\/\/migracao.redenoticia.com.br\/noticia\/wp-json\/wp\/v2\/tags?post=99378"}],"curies":[{"name":"wp","href":"https:\/\/api.w.org\/{rel}","templated":true}]}}