{"id":9947,"date":"2009-08-28T14:19:59","date_gmt":"2009-08-28T18:19:59","guid":{"rendered":"http:\/\/www.redenoticia.com.br\/noticia\/?p=9947"},"modified":"2009-08-28T14:19:59","modified_gmt":"2009-08-28T18:19:59","slug":"prazo-para-o-uniespaco-termina-no-dia-10-de-setembro","status":"publish","type":"post","link":"https:\/\/migracao.redenoticia.com.br\/noticia\/2009\/prazo-para-o-uniespaco-termina-no-dia-10-de-setembro\/9947","title":{"rendered":"Prazo para o Uniespa\u00e7o termina no dia 10 de setembro"},"content":{"rendered":"<p>Termina no dia 10 de setembro o prazo para que pesquisadores de universidades e de institui\u00e7\u00f5es de ensino apresentem propostas de projetos de pesquisa e de desenvolvimento tecnol\u00f3gico para o Programa Uniespa\u00e7o, da Ag\u00eancia Espacial Brasileira (AEB). Os projetos dever\u00e3o seguir o modelo dispon\u00edvel no site da AEB (<span style=\"text-decoration: underline;\"><a href=\"http:\/\/www.aeb.gov.br\/\" target=\"_blank\">www.aeb.gov.br<\/a><\/span>), no\u00a0<em>link <\/em>Uniespa\u00e7o\/An\u00fancio de Oportunidades.\u00a0Nesta terceira edi\u00e7\u00e3o ser\u00e3o disponibilizados recursos que totalizam R$ 3 milh\u00f5es de reais por dois anos. Os projetos ser\u00e3o escolhidos de acordo com sua relev\u00e2ncia, compet\u00eancia e capacidade de execu\u00e7\u00e3o.<\/p>\n<p>O Programa Uniespa\u00e7o, criado em 1997, tem como objetivo integrar o setor universit\u00e1rio no desenvolvimento de produtos e processos, an\u00e1lises e estudos de interesse do setor espacial. Entre as institui\u00e7\u00f5es que j\u00e1 desenvolveram projetos espec\u00edficos para o Programa Uniespa\u00e7o est\u00e3o a PUC\/RS, o ITA, a UnB, a UFRJ, a UFPR, a USP, a UFRN e a UFMG. Desde 2004, o Uniespa\u00e7o j\u00e1 contemplou 32 projetos.<\/p>\n","protected":false},"excerpt":{"rendered":"<p>Termina no dia 10 de setembro o prazo para que pesquisadores de universidades e de institui\u00e7\u00f5es de ensino apresentem propostas de projetos de pesquisa e de desenvolvimento tecnol\u00f3gico para o Programa Uniespa\u00e7o, da Ag\u00eancia Espacial Brasileira (AEB). Os projetos dever\u00e3o seguir o modelo dispon\u00edvel no site da AEB (www.aeb.gov.br), no\u00a0link Uniespa\u00e7o\/An\u00fancio de Oportunidades.\u00a0Nesta terceira edi\u00e7\u00e3o [&hellip;]<\/p>\n","protected":false},"author":2,"featured_media":0,"comment_status":"open","ping_status":"open","sticky":false,"template":"","format":"standard","meta":{"tdm_status":"","tdm_grid_status":"","footnotes":""},"categories":[22],"tags":[],"class_list":{"0":"post-9947","1":"post","2":"type-post","3":"status-publish","4":"format-standard","6":"category-brasil"},"_links":{"self":[{"href":"https:\/\/migracao.redenoticia.com.br\/noticia\/wp-json\/wp\/v2\/posts\/9947","targetHints":{"allow":["GET"]}}],"collection":[{"href":"https:\/\/migracao.redenoticia.com.br\/noticia\/wp-json\/wp\/v2\/posts"}],"about":[{"href":"https:\/\/migracao.redenoticia.com.br\/noticia\/wp-json\/wp\/v2\/types\/post"}],"author":[{"embeddable":true,"href":"https:\/\/migracao.redenoticia.com.br\/noticia\/wp-json\/wp\/v2\/users\/2"}],"replies":[{"embeddable":true,"href":"https:\/\/migracao.redenoticia.com.br\/noticia\/wp-json\/wp\/v2\/comments?post=9947"}],"version-history":[{"count":0,"href":"https:\/\/migracao.redenoticia.com.br\/noticia\/wp-json\/wp\/v2\/posts\/9947\/revisions"}],"wp:attachment":[{"href":"https:\/\/migracao.redenoticia.com.br\/noticia\/wp-json\/wp\/v2\/media?parent=9947"}],"wp:term":[{"taxonomy":"category","embeddable":true,"href":"https:\/\/migracao.redenoticia.com.br\/noticia\/wp-json\/wp\/v2\/categories?post=9947"},{"taxonomy":"post_tag","embeddable":true,"href":"https:\/\/migracao.redenoticia.com.br\/noticia\/wp-json\/wp\/v2\/tags?post=9947"}],"curies":[{"name":"wp","href":"https:\/\/api.w.org\/{rel}","templated":true}]}}