{"id":99671,"date":"2016-11-14T19:44:15","date_gmt":"2016-11-14T21:44:15","guid":{"rendered":"http:\/\/www.redenoticia.com.br\/noticia\/?p=99671"},"modified":"2016-11-14T16:47:49","modified_gmt":"2016-11-14T18:47:49","slug":"novela-sila-resumo-1511-ali-ameaca-pais-que-insistem-em-manter-filhos-na-escola","status":"publish","type":"post","link":"https:\/\/migracao.redenoticia.com.br\/noticia\/2016\/novela-sila-resumo-1511-ali-ameaca-pais-que-insistem-em-manter-filhos-na-escola\/99671","title":{"rendered":"Novela \u201cSila\u201d resumo 15\/11: Ali amea\u00e7a pais que insistem em manter filhos na escola"},"content":{"rendered":"<p><img loading=\"lazy\" decoding=\"async\" class=\"alignleft size-thumbnail wp-image-83098\" src=\"https:\/\/migracao.redenoticia.com.br\/noticia\/imagens\/sila_band_novela_resumo_capitulo-150x112.jpg\" alt=\"sila_band_novela_resumo_capitulo\" width=\"150\" height=\"112\" srcset=\"https:\/\/migracao.redenoticia.com.br\/noticia\/imagens\/sila_band_novela_resumo_capitulo-150x112.jpg 150w, https:\/\/migracao.redenoticia.com.br\/noticia\/imagens\/sila_band_novela_resumo_capitulo-265x198.jpg 265w\" sizes=\"auto, (max-width: 150px) 100vw, 150px\" \/><strong><em> Novela \u201cSila\u201d resumo 15\/11<\/em><\/strong>: Boran marca uma reuni\u00e3o com os pais dos alunos, mas poucos comparecem. O chefe Ali manda o cl\u00e3 destruir a escola de Sila. Abay v\u00ea a escola em chamas, mas consegue evitar o pior. Boran investiga o inc\u00eandio na escola. Chefe Ali amea\u00e7a os moradores que insistem em manter os filhos na escola. <\/p>\n<p>No capitulo 195 (*), novela \u201cSila\u201d, ter\u00e7a-feira, 15 de novembro &#8211; Boran fica feliz por estar ao lado de Sila totalmente recuperada. O homem para quem Celil est\u00e1 devendo, vai reclamar com Boran. Celil lamenta o dinheiro que perdeu. Ali e os outros chefes do cl\u00e3 planejam acabar de vez com a escola de Sila. Boran oferece dinheiro para que Celil pague a sua d\u00edvida. Boran descobre que tentaram incendiar a escola. <\/p>\n<p> Sila e Boran v\u00e3o \u00e0 escola. Chefe Ali amea\u00e7a os moradores que insistem em manter os filhos na escola. Abay tenta reunir provas para culpar os respons\u00e1veis pelo inc\u00eandio. Abay invade a casa de Ali e o amea\u00e7a exigindo que as crian\u00e7as voltem para a escola. Abay obriga Ali a doar terras para a constru\u00e7\u00e3o de uma nova escola. Feride est\u00e1 gr\u00e1vida. <\/p>\n<p> Sila est\u00e1 no final da gesta\u00e7\u00e3o de g\u00eameas, mas insiste em viajar com Boran. Sila come\u00e7a a sentir as dores do parto durante a viagem e Boran leva a esposa para o hospital. Sila tem filhas g\u00eameas. As meninas nascem saud\u00e1veis.  <\/p>\n<p>(*) edi\u00e7\u00e3o da Band, Novela \u201cSila\u201d, sujeito a altera\u00e7\u00e3o de data e conte\u00fado.<\/p>\n","protected":false},"excerpt":{"rendered":"<p>Novela \u201cSila\u201d resumo 15\/11: Boran marca uma reuni\u00e3o com os pais dos alunos, mas poucos comparecem. O chefe Ali manda o cl\u00e3 destruir a escola de Sila. Abay v\u00ea a escola em chamas, mas consegue evitar o pior. Boran investiga o inc\u00eandio na escola. Chefe Ali amea\u00e7a os moradores que insistem em manter os filhos [&hellip;]<\/p>\n","protected":false},"author":2,"featured_media":83098,"comment_status":"open","ping_status":"closed","sticky":false,"template":"","format":"standard","meta":{"tdm_status":"","tdm_grid_status":"","footnotes":""},"categories":[390,379,343],"tags":[441],"class_list":{"0":"post-99671","1":"post","2":"type-post","3":"status-publish","4":"format-standard","5":"has-post-thumbnail","7":"category-band","8":"category-novelas","9":"category-televisao","10":"tag-resumo-do-dia"},"_links":{"self":[{"href":"https:\/\/migracao.redenoticia.com.br\/noticia\/wp-json\/wp\/v2\/posts\/99671","targetHints":{"allow":["GET"]}}],"collection":[{"href":"https:\/\/migracao.redenoticia.com.br\/noticia\/wp-json\/wp\/v2\/posts"}],"about":[{"href":"https:\/\/migracao.redenoticia.com.br\/noticia\/wp-json\/wp\/v2\/types\/post"}],"author":[{"embeddable":true,"href":"https:\/\/migracao.redenoticia.com.br\/noticia\/wp-json\/wp\/v2\/users\/2"}],"replies":[{"embeddable":true,"href":"https:\/\/migracao.redenoticia.com.br\/noticia\/wp-json\/wp\/v2\/comments?post=99671"}],"version-history":[{"count":0,"href":"https:\/\/migracao.redenoticia.com.br\/noticia\/wp-json\/wp\/v2\/posts\/99671\/revisions"}],"wp:featuredmedia":[{"embeddable":true,"href":"https:\/\/migracao.redenoticia.com.br\/noticia\/wp-json\/wp\/v2\/media\/83098"}],"wp:attachment":[{"href":"https:\/\/migracao.redenoticia.com.br\/noticia\/wp-json\/wp\/v2\/media?parent=99671"}],"wp:term":[{"taxonomy":"category","embeddable":true,"href":"https:\/\/migracao.redenoticia.com.br\/noticia\/wp-json\/wp\/v2\/categories?post=99671"},{"taxonomy":"post_tag","embeddable":true,"href":"https:\/\/migracao.redenoticia.com.br\/noticia\/wp-json\/wp\/v2\/tags?post=99671"}],"curies":[{"name":"wp","href":"https:\/\/api.w.org\/{rel}","templated":true}]}}