{"id":99690,"date":"2016-11-16T06:25:22","date_gmt":"2016-11-16T08:25:22","guid":{"rendered":"http:\/\/www.redenoticia.com.br\/noticia\/?p=99690"},"modified":"2016-11-14T18:26:34","modified_gmt":"2016-11-14T20:26:34","slug":"novembro-azul-prevencao-impede-avanco-do-cancer-de-prostata","status":"publish","type":"post","link":"https:\/\/migracao.redenoticia.com.br\/noticia\/2016\/novembro-azul-prevencao-impede-avanco-do-cancer-de-prostata\/99690","title":{"rendered":"Novembro Azul: preven\u00e7\u00e3o impede avan\u00e7o do c\u00e2ncer de pr\u00f3stata"},"content":{"rendered":"<p> O dado \u00e9 alarmante: 60% dos pacientes do Centro de Refer\u00eancia em Sa\u00fade do Homem de S\u00e3o Paulo, da Secretaria de Estado da Sa\u00fade, chegam ao servi\u00e7o com o <strong><em>c\u00e2ncer de pr\u00f3stata<\/em><\/strong> em est\u00e1gio avan\u00e7ado, pois n\u00e3o fizeram a preven\u00e7\u00e3o. A justificativa mais frequente dada por eles \u00e9 o constrangimento de fazer o exame.<\/p>\n<p>Nesse caso, como diz o ditado, prevenir \u00e9 sempre melhor que remediar. Para o urologista Joaquim Claro, coordenador do centro, a preven\u00e7\u00e3o \u00e9 a melhor forma de combater o desenvolvimento da doen\u00e7a.<\/p>\n<p>Claro recomenda fazer check regularmente. &#8220;N\u00f3s sempre salientamos isso, pois, com a idade, o corpo requer mais cuidados e, quando o m\u00e9dico \u00e9 procurado pelo menos uma vez ao ano, o diagn\u00f3stico do c\u00e2ncer \u00e9 bem mais eficaz&#8221;, afirma.<\/p>\n<p>Siga as seguintes recomenda\u00e7\u00f5es do Centro de Refer\u00eancia da Sa\u00fade do Homem:<\/p>\n<p>&#8211; O urologista deve ser procurado desde os primeiros meses de vida.<\/p>\n<p>&#8211; Quando beb\u00ea, at\u00e9 um ano e meio, \u00e9 preciso verificar se os test\u00edculos da crian\u00e7a est\u00e3o corretamente posicionados no sacro escrotal.<\/p>\n<p>&#8211;\u00a0Depois, aos tr\u00eas anos de idade,\u00a0\u00e9 necess\u00e1rio observar a fimose. A pele que cobre a glande do p\u00eanis deve se desgrudar dela. Quando o caso n\u00e3o \u00e9 tratado corretamente, o homem pode at\u00e9 sofrer com c\u00e2ncer peniano na vida adulta e ficar mais suscet\u00edvel a Doen\u00e7as Sexualmente Transmiss\u00edveis (DSTs).<\/p>\n<p>&#8211; Na fase da\u00a0adolesc\u00eancia\u00a0\u00e9 importante que o jovem procure um urologista para exames de rotina e orienta\u00e7\u00e3o para o uso de preservativo nas rela\u00e7\u00f5es sexuais, para prevenir HIV\/Aids e outras DSTs.<\/p>\n<p>&#8211; Ainda na adolesc\u00eancia podem ocorrer doen\u00e7as como varicocele. S\u00e3o varizes no cord\u00e3o esperm\u00e1tico. A varicocele pode levar a infertilidade. Os principais sintomas s\u00e3o aumento da temperatura nos \u00f3rg\u00e3os genitais. A presen\u00e7a da varicocele ainda \u00e9 uma preocupa\u00e7\u00e3o durante a fase adulta tamb\u00e9m.<\/p>\n<p>&#8211; Ao completar\u00a020 anos, na vida adulta, \u00e9 necess\u00e1rio que o homem mantenha consultas regulares, pois nessa fase os riscos de tumores nos test\u00edculos s\u00e3o maiores.<\/p>\n<p>&#8211; Dos\u00a025 aos 30\u00a0anos \u00e9 importante manter rotina de check-ups anuais para observar risco de aparecimento de tumores de rim ou bexiga. Exames de colesterol e glicose (diabetes) tamb\u00e9m s\u00e3o solicitados.<\/p>\n<p>&#8211; Aos\u00a040 anos, ap\u00f3s o homem manter uma rotina de consultas durante a vida, fica mais f\u00e1cil identificar e prevenir as doen\u00e7as mais prevalentes nesta faixa et\u00e1ria. O urologista vai observar quest\u00f5es hormonais e dist\u00farbios sexuais como a disfun\u00e7\u00e3o er\u00e9til. Homens negros e com hist\u00f3rico familiar de c\u00e2ncer de pr\u00f3stata devem fazer o exame de toque retal e o PSA (Prova do Ant\u00edgeno Prost\u00e1tico). Nesta fase o especialista acompanha altera\u00e7\u00f5es como aumento benigno da pr\u00f3stata.<\/p>\n<p>&#8211; Entre os\u00a050 e 60 anos,\u00a0al\u00e9m do exame de toque retal e PSA, \u00e9 comum ocorrer diminui\u00e7\u00e3o nos n\u00edveis de testosterona. Com isso, os homens ficam mais irritados, sendo necess\u00e1rio realizar reposi\u00e7\u00e3o hormonal.<\/p>\n<p>Acompanhe outras orienta\u00e7\u00f5es do .<\/p>\n<p>#NovembroAzul<\/p>\n<p>Do Portal do Governo do Estado SP<\/p>\n","protected":false},"excerpt":{"rendered":"<p>O dado \u00e9 alarmante: 60% dos pacientes do Centro de Refer\u00eancia em Sa\u00fade do Homem de S\u00e3o Paulo, da Secretaria de Estado da Sa\u00fade, chegam ao servi\u00e7o com o c\u00e2ncer de pr\u00f3stata em est\u00e1gio avan\u00e7ado, pois n\u00e3o fizeram a preven\u00e7\u00e3o. A justificativa mais frequente dada por eles \u00e9 o constrangimento de fazer o exame. Nesse [&hellip;]<\/p>\n","protected":false},"author":2,"featured_media":37376,"comment_status":"open","ping_status":"closed","sticky":false,"template":"","format":"standard","meta":{"tdm_status":"","tdm_grid_status":"","footnotes":""},"categories":[22,5],"tags":[],"class_list":{"0":"post-99690","1":"post","2":"type-post","3":"status-publish","4":"format-standard","5":"has-post-thumbnail","7":"category-brasil","8":"category-saude-e-vida"},"_links":{"self":[{"href":"https:\/\/migracao.redenoticia.com.br\/noticia\/wp-json\/wp\/v2\/posts\/99690","targetHints":{"allow":["GET"]}}],"collection":[{"href":"https:\/\/migracao.redenoticia.com.br\/noticia\/wp-json\/wp\/v2\/posts"}],"about":[{"href":"https:\/\/migracao.redenoticia.com.br\/noticia\/wp-json\/wp\/v2\/types\/post"}],"author":[{"embeddable":true,"href":"https:\/\/migracao.redenoticia.com.br\/noticia\/wp-json\/wp\/v2\/users\/2"}],"replies":[{"embeddable":true,"href":"https:\/\/migracao.redenoticia.com.br\/noticia\/wp-json\/wp\/v2\/comments?post=99690"}],"version-history":[{"count":0,"href":"https:\/\/migracao.redenoticia.com.br\/noticia\/wp-json\/wp\/v2\/posts\/99690\/revisions"}],"wp:featuredmedia":[{"embeddable":true,"href":"https:\/\/migracao.redenoticia.com.br\/noticia\/wp-json\/wp\/v2\/media\/37376"}],"wp:attachment":[{"href":"https:\/\/migracao.redenoticia.com.br\/noticia\/wp-json\/wp\/v2\/media?parent=99690"}],"wp:term":[{"taxonomy":"category","embeddable":true,"href":"https:\/\/migracao.redenoticia.com.br\/noticia\/wp-json\/wp\/v2\/categories?post=99690"},{"taxonomy":"post_tag","embeddable":true,"href":"https:\/\/migracao.redenoticia.com.br\/noticia\/wp-json\/wp\/v2\/tags?post=99690"}],"curies":[{"name":"wp","href":"https:\/\/api.w.org\/{rel}","templated":true}]}}