{"id":99742,"date":"2016-11-15T21:21:41","date_gmt":"2016-11-15T23:21:41","guid":{"rendered":"http:\/\/www.redenoticia.com.br\/noticia\/?p=99742"},"modified":"2016-11-15T15:49:02","modified_gmt":"2016-11-15T17:49:02","slug":"novela-a-lei-do-amor-resumo-1611-tiao-ofende-helo-e-edu","status":"publish","type":"post","link":"https:\/\/migracao.redenoticia.com.br\/noticia\/2016\/novela-a-lei-do-amor-resumo-1611-tiao-ofende-helo-e-edu\/99742","title":{"rendered":"Novela \u201cA Lei do Amor\u201d resumo 16\/11: Ti\u00e3o ofende Hel\u00f4 e Edu"},"content":{"rendered":"<p><img loading=\"lazy\" decoding=\"async\" class=\"alignleft size-thumbnail wp-image-94887\" src=\"https:\/\/migracao.redenoticia.com.br\/noticia\/imagens\/a_lei_do_amor_resumo_novela_globo-150x112.jpg\" alt=\"a_lei_do_amor_resumo_novela_globo\" width=\"150\" height=\"112\" srcset=\"https:\/\/migracao.redenoticia.com.br\/noticia\/imagens\/a_lei_do_amor_resumo_novela_globo-150x112.jpg 150w, https:\/\/migracao.redenoticia.com.br\/noticia\/imagens\/a_lei_do_amor_resumo_novela_globo-265x198.jpg 265w\" sizes=\"auto, (max-width: 150px) 100vw, 150px\" \/><strong><em>Novela \u201cA Lei do Amor\u201d resumo 16\/11<\/em><\/strong>: Ti\u00e3o avisa Hel\u00f4 que passou a galeria para o seu nome e sugere que ela saia de casa com Edu. Hel\u00f4 avisa Ti\u00e3o que est\u00e1 na hora de Let\u00edcia saber que \u00e9 filha de Pedro. Ti\u00e3o aposta que Pedro vai sentir raiva de Hel\u00f4 por ela ter escondido que ele \u00e9 pai de Let\u00edcia. Mais tarde, Ti\u00e3o procura Bruno e este o comunica que ele n\u00e3o tem nada de grave em rela\u00e7\u00e3o a sua sa\u00fade. Assim, Ti\u00e3o volta a enfernizar a vida de Hel\u00f4. Ele amea\u00e7a colocar a mulher na cadeia, desiste de dar a galeria a Hel\u00f4 e ofende Edu.<\/p>\n<p>No cap\u00edtulo 039(*), novela \u201cA Lei do Amor\u201d, quarta-feira, 16 de novembro \u2013 Ti\u00e3o aposta que Pedro sentir\u00e1 raiva de Hel\u00f4 por ela ter escondido que ele \u00e9 pai de Let\u00edcia. Magn\u00f3lia amea\u00e7a demitir Aline. Ti\u00e3o beija Magn\u00f3lia. Lia combina com Pedro de levar Ant\u00f4nio para jantar em sua casa. Xanaia se oferece para ajudar Ant\u00f4nio a reconquistar Ruth Raquel. Bruno avisa a Ti\u00e3o que ele n\u00e3o tem nada de grave. Ana Luiza tranquiliza Isabela, dizendo que a acompanhar\u00e1 em seu depoimento na delegacia. Ti\u00e3o amea\u00e7a colocar Hel\u00f4 na cadeia. David diz a Isabela que Olavo pode ser seu advogado. Ti\u00e3o desiste de dar a galeria a Hel\u00f4 e ofende Edu. J\u00e9ssica conversa com Camila. Pedro aconselha Elio a pedir emprego para Augusto. Pedro afirma a Hel\u00f4 que ir\u00e1 morar com ela e Edu.<\/p>\n<p>Camila se encontra com Ti\u00e3o Bezerra. Os irm\u00e3os de Aline contam para os pais que foram v\u00edtimas dos maus tratos da mo\u00e7a. Fl\u00e1via avisa a Isabela que sua tia faleceu. Let\u00edcia acusa Pedro de ter provocado a separa\u00e7\u00e3o dos pais. Wesley aconselha Salete a entregar a arma do assalto para a Pol\u00edcia. Hel\u00f4 desiste de ir morar com Pedro, com medo de deixar Let\u00edcia com Ti\u00e3o. Elio consegue um emprego na prefeitura, com a ajuda de Augusto. Ti\u00e3o diz a Hel\u00f4 que quer se reconciliar com ela. Padre Paulo conta a Yara que Aline est\u00e1 aterrorizando Vit\u00f3ria. Ant\u00f4nio leva Xanaia para jantar com Olavo. David mostra a foto de uma garota que saiu do apartamento de Ti\u00e3o e Pedro e Ant\u00f4nio reconhecem Camila. Isabela viaja, sem esperar por Tiago. Salete amea\u00e7a denunciar J\u00e9ssica \u00e0 pol\u00edcia, caso a filha n\u00e3o explique sua liga\u00e7\u00e3o com o bandido que assaltou o posto de gasolina. Ciro cogita tirar a vida de Fausto.<\/p>\n<p>Ciro faz um telefonema misterioso e afirma que precisa ficar atento para Fausto n\u00e3o se comunicar com Pedro. Yara repreende Aline e exige que a filha lhe pe\u00e7a perd\u00e3o. Elio procura Ana Luiza. F\u00e1tima diz a Hel\u00f4 que Isabela ter\u00e1 que desistir do cursinho por falta de condi\u00e7\u00f5es financeiras. Tiago e Ana Luiza conversam sobre Isabela. Aline enfrenta Misael, ao dizer ao pai que n\u00e3o pedir\u00e1 demiss\u00e3o da casa de Magn\u00f3lia.<\/p>\n<p>(*) edi\u00e7\u00e3o da Rede Globo, Novela \u201cA Lei do Amor\u201d, sujeito a altera\u00e7\u00e3o de data e conte\u00fado. <\/p>\n","protected":false},"excerpt":{"rendered":"<p>Novela \u201cA Lei do Amor\u201d resumo 16\/11: Ti\u00e3o avisa Hel\u00f4 que passou a galeria para o seu nome e sugere que ela saia de casa com Edu. Hel\u00f4 avisa Ti\u00e3o que est\u00e1 na hora de Let\u00edcia saber que \u00e9 filha de Pedro. Ti\u00e3o aposta que Pedro vai sentir raiva de Hel\u00f4 por ela ter escondido [&hellip;]<\/p>\n","protected":false},"author":2,"featured_media":94344,"comment_status":"open","ping_status":"closed","sticky":false,"template":"","format":"standard","meta":{"tdm_status":"","tdm_grid_status":"","footnotes":""},"categories":[379,375,343],"tags":[441],"class_list":{"0":"post-99742","1":"post","2":"type-post","3":"status-publish","4":"format-standard","5":"has-post-thumbnail","7":"category-novelas","8":"category-rede-globo","9":"category-televisao","10":"tag-resumo-do-dia"},"_links":{"self":[{"href":"https:\/\/migracao.redenoticia.com.br\/noticia\/wp-json\/wp\/v2\/posts\/99742","targetHints":{"allow":["GET"]}}],"collection":[{"href":"https:\/\/migracao.redenoticia.com.br\/noticia\/wp-json\/wp\/v2\/posts"}],"about":[{"href":"https:\/\/migracao.redenoticia.com.br\/noticia\/wp-json\/wp\/v2\/types\/post"}],"author":[{"embeddable":true,"href":"https:\/\/migracao.redenoticia.com.br\/noticia\/wp-json\/wp\/v2\/users\/2"}],"replies":[{"embeddable":true,"href":"https:\/\/migracao.redenoticia.com.br\/noticia\/wp-json\/wp\/v2\/comments?post=99742"}],"version-history":[{"count":0,"href":"https:\/\/migracao.redenoticia.com.br\/noticia\/wp-json\/wp\/v2\/posts\/99742\/revisions"}],"wp:featuredmedia":[{"embeddable":true,"href":"https:\/\/migracao.redenoticia.com.br\/noticia\/wp-json\/wp\/v2\/media\/94344"}],"wp:attachment":[{"href":"https:\/\/migracao.redenoticia.com.br\/noticia\/wp-json\/wp\/v2\/media?parent=99742"}],"wp:term":[{"taxonomy":"category","embeddable":true,"href":"https:\/\/migracao.redenoticia.com.br\/noticia\/wp-json\/wp\/v2\/categories?post=99742"},{"taxonomy":"post_tag","embeddable":true,"href":"https:\/\/migracao.redenoticia.com.br\/noticia\/wp-json\/wp\/v2\/tags?post=99742"}],"curies":[{"name":"wp","href":"https:\/\/api.w.org\/{rel}","templated":true}]}}