{"id":99750,"date":"2016-11-15T15:36:02","date_gmt":"2016-11-15T17:36:02","guid":{"rendered":"http:\/\/www.redenoticia.com.br\/noticia\/?p=99750"},"modified":"2016-11-15T15:36:02","modified_gmt":"2016-11-15T17:36:02","slug":"novela-querida-inimiga-resumo-1611-sara-decide-deixar-o-orfanato","status":"publish","type":"post","link":"https:\/\/migracao.redenoticia.com.br\/noticia\/2016\/novela-querida-inimiga-resumo-1611-sara-decide-deixar-o-orfanato\/99750","title":{"rendered":"Novela \u201cQuerida Inimiga\u201d resumo 16\/11: Sara decide deixar o orfanato"},"content":{"rendered":"<p> <img loading=\"lazy\" decoding=\"async\" class=\"alignleft size-thumbnail wp-image-99744\" src=\"https:\/\/migracao.redenoticia.com.br\/noticia\/imagens\/querida_inimiga_resumo_novela_SBT-150x112.jpg\" alt=\"querida_inimiga_resumo_novela_sbt\" width=\"150\" height=\"112\" srcset=\"https:\/\/migracao.redenoticia.com.br\/noticia\/imagens\/querida_inimiga_resumo_novela_SBT-150x112.jpg 150w, https:\/\/migracao.redenoticia.com.br\/noticia\/imagens\/querida_inimiga_resumo_novela_SBT-265x198.jpg 265w\" sizes=\"auto, (max-width: 150px) 100vw, 150px\" \/><strong><em>Novela \u201cQuerida Inimiga\u201d resumo 16\/11<\/em><\/strong>: Sara e Lorena foram criadas em um orfanato. Apesar de serem boas amigas elas t\u00eam um car\u00e1ter completamente diferente. Enquanto Lorena \u00e9 uma jovem de bons sentimentos, Sara \u00e9 muito ambiciosa e inconformada por sua origem humilde. Lorena decide viajar para capital a fim de continuar seus estudos de gastronomia. As freiras organizam uma festa para comemorar o anivers\u00e1rio de Lorena e sua despedida. O motorista do orfanato flagra Sara a sair e ela diz que vai comprar o presente de anivers\u00e1rio da amiga. Lorena se despede da Madre Assun\u00e7\u00e3o e agradece tudo que fez por ela ao longo de sua vida. Madre Assun\u00e7\u00e3o descobre que Sara roubou o dinheiro do orfanato e, ao tentar fazer com que ela confesse, sofre uma parada card\u00edaca. Sara se aproveita da situa\u00e7\u00e3o para deletar alguns arquivos do computador que a comprometem. Ao descobrir que Lorena pertence a uma fam\u00edlia muito rica, Sara diz a irm\u00e3 Trindade que decidiu deixar o orfanato e ir para a capital, pois sente muito a falta de sua amiga.<\/p>\n<p>No cap\u00edtulo 001(*), novela \u201cQuerida Inimiga\u201d, quarta-feira, 16 de novembro \u2013 Sara e Lorena s\u00e3o internas de um orfanato. Apesar de serem boas amigas elas t\u00eam um car\u00e1ter completamente diferente. Enquanto Lorena \u00e9 uma jovem de bons sentimentos. Sara \u00e9 muito ambiciosa e inconformada por sua origem humilde. Lorena decide viajar para capital a fim de continuar seus estudos de gastronomia. As freiras organizam uma festa para comemorar o anivers\u00e1rio de Lorena e sua despedida. O motorista do orfanato flagra Sara saindo e ela diz que vai comprar o presente de anivers\u00e1rio da amiga.<\/p>\n<p>Lorena se despede da Madre Assun\u00e7\u00e3o e agradece tudo que fez por ela ao longo de sua vida. A religiosa pede a ela que n\u00e3o deixe de visit\u00e1-las. Madre Assun\u00e7\u00e3o descobre que Sara roubou o dinheiro do orfanato e, ao tentar fazer com que ela confesse, sofre uma parada card\u00edaca. Sara se aproveita da situa\u00e7\u00e3o para deletar alguns arquivos do computador que a comprometem. Lorena telefona para o orfanato mas a irm\u00e3 Trindade n\u00e3o conta sobre a morte da irm\u00e3 Assun\u00e7\u00e3o.<\/p>\n<p>Ao descobrir que Lorena pertence a uma fam\u00edlia muito rica, Sara pensa em um plano muito arriscado, mas que pode mudar sua vida para sempre. Sara diz a irm\u00e3 Trindade que decidiu deixar o orfanato e ir para a capital, pois sente muito a falta de sua amiga. Enquanto isso, na capital, Lorena conhece Alonso e os dois sentem algo muito especial. Paula, a ex-mulher de Dario, fica furiosa quando ele vai buscar a filha fora dos dias estipulados pelo juiz. Alonso pede a ela que n\u00e3o discutam na frente da menina e ela deixa claro que s\u00f3 est\u00e1 interessada na pens\u00e3o de sua filha. Sara procura Hort\u00eancia e diz que \u00e9 sua neta. <\/p>\n<p>(*) edi\u00e7\u00e3o do SBT, Novela \u201cQuerida Inimiga\u201d, sujeito a altera\u00e7\u00e3o de data e conte\u00fado.<\/p>\n","protected":false},"excerpt":{"rendered":"<p>Novela \u201cQuerida Inimiga\u201d resumo 16\/11: Sara e Lorena foram criadas em um orfanato. Apesar de serem boas amigas elas t\u00eam um car\u00e1ter completamente diferente. Enquanto Lorena \u00e9 uma jovem de bons sentimentos, Sara \u00e9 muito ambiciosa e inconformada por sua origem humilde. Lorena decide viajar para capital a fim de continuar seus estudos de gastronomia. [&hellip;]<\/p>\n","protected":false},"author":2,"featured_media":99744,"comment_status":"open","ping_status":"closed","sticky":false,"template":"","format":"standard","meta":{"tdm_status":"","tdm_grid_status":"","footnotes":""},"categories":[379,372,343],"tags":[441],"class_list":{"0":"post-99750","1":"post","2":"type-post","3":"status-publish","4":"format-standard","5":"has-post-thumbnail","7":"category-novelas","8":"category-sbt","9":"category-televisao","10":"tag-resumo-do-dia"},"_links":{"self":[{"href":"https:\/\/migracao.redenoticia.com.br\/noticia\/wp-json\/wp\/v2\/posts\/99750","targetHints":{"allow":["GET"]}}],"collection":[{"href":"https:\/\/migracao.redenoticia.com.br\/noticia\/wp-json\/wp\/v2\/posts"}],"about":[{"href":"https:\/\/migracao.redenoticia.com.br\/noticia\/wp-json\/wp\/v2\/types\/post"}],"author":[{"embeddable":true,"href":"https:\/\/migracao.redenoticia.com.br\/noticia\/wp-json\/wp\/v2\/users\/2"}],"replies":[{"embeddable":true,"href":"https:\/\/migracao.redenoticia.com.br\/noticia\/wp-json\/wp\/v2\/comments?post=99750"}],"version-history":[{"count":0,"href":"https:\/\/migracao.redenoticia.com.br\/noticia\/wp-json\/wp\/v2\/posts\/99750\/revisions"}],"wp:featuredmedia":[{"embeddable":true,"href":"https:\/\/migracao.redenoticia.com.br\/noticia\/wp-json\/wp\/v2\/media\/99744"}],"wp:attachment":[{"href":"https:\/\/migracao.redenoticia.com.br\/noticia\/wp-json\/wp\/v2\/media?parent=99750"}],"wp:term":[{"taxonomy":"category","embeddable":true,"href":"https:\/\/migracao.redenoticia.com.br\/noticia\/wp-json\/wp\/v2\/categories?post=99750"},{"taxonomy":"post_tag","embeddable":true,"href":"https:\/\/migracao.redenoticia.com.br\/noticia\/wp-json\/wp\/v2\/tags?post=99750"}],"curies":[{"name":"wp","href":"https:\/\/api.w.org\/{rel}","templated":true}]}}