{"id":99752,"date":"2016-11-15T17:36:21","date_gmt":"2016-11-15T19:36:21","guid":{"rendered":"http:\/\/www.redenoticia.com.br\/noticia\/?p=99752"},"modified":"2016-11-15T15:37:21","modified_gmt":"2016-11-15T17:37:21","slug":"novela-lagrimas-de-amor-resumo-1611-inacio-e-preso","status":"publish","type":"post","link":"https:\/\/migracao.redenoticia.com.br\/noticia\/2016\/novela-lagrimas-de-amor-resumo-1611-inacio-e-preso\/99752","title":{"rendered":"Novela \u201cL\u00e1grimas de Amor\u201d resumo 16\/11: In\u00e1cio \u00e9 preso"},"content":{"rendered":"<p> <img loading=\"lazy\" decoding=\"async\" class=\"alignleft size-thumbnail wp-image-96552\" src=\"https:\/\/migracao.redenoticia.com.br\/noticia\/imagens\/lagrimas_de_amor_novela_resumo_SBT-150x112.jpg\" alt=\"lagrimas_de_amor_novela_resumo_sbt\" width=\"150\" height=\"112\" srcset=\"https:\/\/migracao.redenoticia.com.br\/noticia\/imagens\/lagrimas_de_amor_novela_resumo_SBT-150x112.jpg 150w, https:\/\/migracao.redenoticia.com.br\/noticia\/imagens\/lagrimas_de_amor_novela_resumo_SBT-265x198.jpg 265w\" sizes=\"auto, (max-width: 150px) 100vw, 150px\" \/><strong><em>Novela \u201cL\u00e1grimas de Amor\u201d resumo 16\/11<\/em><\/strong>: um advogado leva a notifica\u00e7\u00e3o do escrit\u00f3rio Ancira para Regina. In\u00e1cio n\u00e3o entende o que est\u00e1 a acontecer. No dia seguinte, Regina, In\u00e1cio e Edmundo chegam para a reuni\u00e3o. Patr\u00edcio entra no local e os cumprimenta. Regina se emociona muito ao v\u00ea-lo. Patr\u00edcio faz uma proposta para sua fam\u00edlia. Regina se aborrece. Edmundo quer aceitar a proposta mas a m\u00e3e diz a seus filhos que n\u00e3o vai permitir que sua fam\u00edlia continue a cair em desgra\u00e7a. Mais tarde, Patr\u00edcio vai at\u00e9 a casa de sua m\u00e3e e volta a insult\u00e1-la. In\u00e1cio explode e os dois se agarram em meio a golpes. Patr\u00edcio faz uma den\u00fancia contra In\u00e1cio. Regina procura R\u00f4mulo para pedir que Patr\u00edcio retire a absurda den\u00fancia que fez contra o irm\u00e3o. C\u00ednico, R\u00f4mulo zomba da situa\u00e7\u00e3o. In\u00e1cio \u00e9 preso por causa da briga que teve com Patr\u00edcio. Regina se sente muito mal e n\u00e3o quer que levem seu filho para a cadeia.<\/p>\n<p>No cap\u00edtulo 033(*), novela \u201cL\u00e1grimas de Amor\u201d, quarta-feira, 16 de novembro \u2013 enquanto isso, Olga se encontra novamente com Flor no buffet de seu pai, pede a Raul que traga sua m\u00e3e para apresent\u00e1-la, pois est\u00e1 certa que se dar\u00e3o muito bem. No dia seguinte, Regina, In\u00e1cio e Edmundo chegam na reuni\u00e3o. Patr\u00edcio chega ao local e os cumprimenta, Regina se emociona muito ao v\u00ea-lo. Patr\u00edcio faz uma proposta para sua fam\u00edlia.<\/p>\n<p>Regina se aborrece porque Edmundo quer aceitar a proposta de Patr\u00edcio, ela diz a seus filhos que n\u00e3o permitir\u00e1 que sua fam\u00edlia continue desmoronando. No dia seguinte, Apolo diz a Edmundo que sua primeira miss\u00e3o ser\u00e1 conseguir um receitu\u00e1rio. Patr\u00edcio vai para a casa de Regina e mais uma vez volta a insult\u00e1-la. In\u00e1cio explode e diz que n\u00e3o volte a humilhar sua m\u00e3e. Os dois se agarram em meio a golpes.<\/p>\n<p>Regina procura R\u00f4mulo para dizer que Patr\u00edcio que retire a absurda den\u00fancia que fez contra In\u00e1cio, R\u00f4mulo zomba da situa\u00e7\u00e3o. Por outro parte, Edmundo diz a In\u00e1cio e a Regina que n\u00e3o pode acreditar que ainda se preocupam com Patr\u00edcio se ele n\u00e3o quer voltar a v\u00ea-los. In\u00e1cio \u00e9 preso por causa da briga que teve com Patr\u00edcio. Regina se sente muito mal e n\u00e3o quer que levem seu filho para a cadeia.<\/p>\n<p>(*) edi\u00e7\u00e3o do SBT, Novela \u201cL\u00e1grimas de Amor\u201d, sujeito a altera\u00e7\u00e3o de data e conte\u00fado. <\/p>\n","protected":false},"excerpt":{"rendered":"<p>Novela \u201cL\u00e1grimas de Amor\u201d resumo 16\/11: um advogado leva a notifica\u00e7\u00e3o do escrit\u00f3rio Ancira para Regina. In\u00e1cio n\u00e3o entende o que est\u00e1 a acontecer. No dia seguinte, Regina, In\u00e1cio e Edmundo chegam para a reuni\u00e3o. Patr\u00edcio entra no local e os cumprimenta. Regina se emociona muito ao v\u00ea-lo. Patr\u00edcio faz uma proposta para sua fam\u00edlia. [&hellip;]<\/p>\n","protected":false},"author":2,"featured_media":96552,"comment_status":"open","ping_status":"closed","sticky":false,"template":"","format":"standard","meta":{"tdm_status":"","tdm_grid_status":"","footnotes":""},"categories":[379,372,343],"tags":[441],"class_list":{"0":"post-99752","1":"post","2":"type-post","3":"status-publish","4":"format-standard","5":"has-post-thumbnail","7":"category-novelas","8":"category-sbt","9":"category-televisao","10":"tag-resumo-do-dia"},"_links":{"self":[{"href":"https:\/\/migracao.redenoticia.com.br\/noticia\/wp-json\/wp\/v2\/posts\/99752","targetHints":{"allow":["GET"]}}],"collection":[{"href":"https:\/\/migracao.redenoticia.com.br\/noticia\/wp-json\/wp\/v2\/posts"}],"about":[{"href":"https:\/\/migracao.redenoticia.com.br\/noticia\/wp-json\/wp\/v2\/types\/post"}],"author":[{"embeddable":true,"href":"https:\/\/migracao.redenoticia.com.br\/noticia\/wp-json\/wp\/v2\/users\/2"}],"replies":[{"embeddable":true,"href":"https:\/\/migracao.redenoticia.com.br\/noticia\/wp-json\/wp\/v2\/comments?post=99752"}],"version-history":[{"count":0,"href":"https:\/\/migracao.redenoticia.com.br\/noticia\/wp-json\/wp\/v2\/posts\/99752\/revisions"}],"wp:featuredmedia":[{"embeddable":true,"href":"https:\/\/migracao.redenoticia.com.br\/noticia\/wp-json\/wp\/v2\/media\/96552"}],"wp:attachment":[{"href":"https:\/\/migracao.redenoticia.com.br\/noticia\/wp-json\/wp\/v2\/media?parent=99752"}],"wp:term":[{"taxonomy":"category","embeddable":true,"href":"https:\/\/migracao.redenoticia.com.br\/noticia\/wp-json\/wp\/v2\/categories?post=99752"},{"taxonomy":"post_tag","embeddable":true,"href":"https:\/\/migracao.redenoticia.com.br\/noticia\/wp-json\/wp\/v2\/tags?post=99752"}],"curies":[{"name":"wp","href":"https:\/\/api.w.org\/{rel}","templated":true}]}}