{"id":99760,"date":"2016-11-15T16:41:36","date_gmt":"2016-11-15T18:41:36","guid":{"rendered":"http:\/\/www.redenoticia.com.br\/noticia\/?p=99760"},"modified":"2016-11-15T15:43:43","modified_gmt":"2016-11-15T17:43:43","slug":"novela-cheias-de-charme-resumo-1611-lygia-briga-com-a-irma","status":"publish","type":"post","link":"https:\/\/migracao.redenoticia.com.br\/noticia\/2016\/novela-cheias-de-charme-resumo-1611-lygia-briga-com-a-irma\/99760","title":{"rendered":"Novela \u201cCheias de Charme\u201d resumo 16\/11: Lygia briga com a irm\u00e3"},"content":{"rendered":"<p> <img loading=\"lazy\" decoding=\"async\" class=\"alignleft size-thumbnail wp-image-95548\" src=\"https:\/\/migracao.redenoticia.com.br\/noticia\/imagens\/cheias-de-charme-novela-globo-internacional-resumo-proximo-capitulo-150x112.jpg\" alt=\"cheias-de-charme-novela-globo-internacional-resumo-proximo-capitulo\" width=\"150\" height=\"112\" \/><strong><em>Novela \u201cCheias de Charme\u201d resumo 16\/11<\/em><\/strong>: Lygia volta de S\u00e3o Paulo e, ao chegar ao escrit\u00f3rio, acusa Conrado de ter revelado informa\u00e7\u00f5es dos clientes. Ela \u00e9 demitida por Sarmento e vai \u00e0 delegacia confrontar Samuel, que admite ser o respons\u00e1vel pela picha\u00e7\u00e3o \u00e0 loja de Seu Messias. Samuel conta que tomou essa atitude ap\u00f3s ter se desentendido com Rodinei. Em casa, Samuel afirma que Liara o entregou para a pol\u00edcia para livrar Rodinei e Lygia briga com a irm\u00e3.<\/p>\n<p>No cap\u00edtulo 043(*), novela \u201cCheias de Charme\u201d, quarta-feira, 16 de novembro \u2013 Samuel admite que pichou a loja de Seu Messias para a m\u00e3e. Chayene suspeita que Tom esteja conspirando contra ela. In\u00e1cio briga com Ros\u00e1rio por ci\u00fame de Fabian. Dinha diz a Penha que ama In\u00e1cio. S\u00f4nia avisa a Sidney que n\u00e3o quer as Empreguetes no casamento das filhas. Seu Messias retira a queixa contra Samuel.<\/p>\n<p>Cida encontra uma foto dos pais e se comove. Samuel afirma que Liara o entregou para a pol\u00edcia para livrar Rodinei e Lygia briga com a irm\u00e3. Sarmento sugere que Conrado foi respons\u00e1vel pelas demiss\u00f5es de Lygia e Ticiane, e Elano ouve.<\/p>\n<p>Chayene pede que Socorro viaje a Sobradinho para lhe trazer uma encomenda. Cida passa o dia fora e S\u00f4nia exige que Valda trabalhe em dobro. Lygia conta para o marido que foi demitida. Ros\u00e1rio ensaia no Pavilh\u00e3o do Som e se emociona.<\/p>\n<p>(*) edi\u00e7\u00e3o da Rede Globo, Novela \u201cCheias de Charme\u201d, sujeito a altera\u00e7\u00e3o de data e conte\u00fado. <\/p>\n","protected":false},"excerpt":{"rendered":"<p>Novela \u201cCheias de Charme\u201d resumo 16\/11: Lygia volta de S\u00e3o Paulo e, ao chegar ao escrit\u00f3rio, acusa Conrado de ter revelado informa\u00e7\u00f5es dos clientes. Ela \u00e9 demitida por Sarmento e vai \u00e0 delegacia confrontar Samuel, que admite ser o respons\u00e1vel pela picha\u00e7\u00e3o \u00e0 loja de Seu Messias. Samuel conta que tomou essa atitude ap\u00f3s ter [&hellip;]<\/p>\n","protected":false},"author":2,"featured_media":95548,"comment_status":"open","ping_status":"closed","sticky":false,"template":"","format":"standard","meta":{"tdm_status":"","tdm_grid_status":"","footnotes":""},"categories":[379,375,343],"tags":[441],"class_list":{"0":"post-99760","1":"post","2":"type-post","3":"status-publish","4":"format-standard","5":"has-post-thumbnail","7":"category-novelas","8":"category-rede-globo","9":"category-televisao","10":"tag-resumo-do-dia"},"_links":{"self":[{"href":"https:\/\/migracao.redenoticia.com.br\/noticia\/wp-json\/wp\/v2\/posts\/99760","targetHints":{"allow":["GET"]}}],"collection":[{"href":"https:\/\/migracao.redenoticia.com.br\/noticia\/wp-json\/wp\/v2\/posts"}],"about":[{"href":"https:\/\/migracao.redenoticia.com.br\/noticia\/wp-json\/wp\/v2\/types\/post"}],"author":[{"embeddable":true,"href":"https:\/\/migracao.redenoticia.com.br\/noticia\/wp-json\/wp\/v2\/users\/2"}],"replies":[{"embeddable":true,"href":"https:\/\/migracao.redenoticia.com.br\/noticia\/wp-json\/wp\/v2\/comments?post=99760"}],"version-history":[{"count":0,"href":"https:\/\/migracao.redenoticia.com.br\/noticia\/wp-json\/wp\/v2\/posts\/99760\/revisions"}],"wp:featuredmedia":[{"embeddable":true,"href":"https:\/\/migracao.redenoticia.com.br\/noticia\/wp-json\/wp\/v2\/media\/95548"}],"wp:attachment":[{"href":"https:\/\/migracao.redenoticia.com.br\/noticia\/wp-json\/wp\/v2\/media?parent=99760"}],"wp:term":[{"taxonomy":"category","embeddable":true,"href":"https:\/\/migracao.redenoticia.com.br\/noticia\/wp-json\/wp\/v2\/categories?post=99760"},{"taxonomy":"post_tag","embeddable":true,"href":"https:\/\/migracao.redenoticia.com.br\/noticia\/wp-json\/wp\/v2\/tags?post=99760"}],"curies":[{"name":"wp","href":"https:\/\/api.w.org\/{rel}","templated":true}]}}