{"id":99762,"date":"2016-11-15T17:44:00","date_gmt":"2016-11-15T19:44:00","guid":{"rendered":"http:\/\/www.redenoticia.com.br\/noticia\/?p=99762"},"modified":"2016-11-15T15:45:07","modified_gmt":"2016-11-15T17:45:07","slug":"novela-malhacao-resumo-1611-joana-e-giovane-sao-atacados-por-bandidos","status":"publish","type":"post","link":"https:\/\/migracao.redenoticia.com.br\/noticia\/2016\/novela-malhacao-resumo-1611-joana-e-giovane-sao-atacados-por-bandidos\/99762","title":{"rendered":"Novela \u201cMalha\u00e7\u00e3o\u201d resumo 16\/11: Joana e Giovane s\u00e3o atacados por bandidos"},"content":{"rendered":"<p> <img loading=\"lazy\" decoding=\"async\" class=\"alignleft size-thumbnail wp-image-91715\" src=\"https:\/\/migracao.redenoticia.com.br\/noticia\/imagens\/malhacao_pro_dia_nascer_feliz_resumo_novela-150x112.jpg\" alt=\"malhacao_pro_dia_nascer_feliz_resumo_novela\" width=\"150\" height=\"112\" srcset=\"https:\/\/migracao.redenoticia.com.br\/noticia\/imagens\/malhacao_pro_dia_nascer_feliz_resumo_novela-150x112.jpg 150w, https:\/\/migracao.redenoticia.com.br\/noticia\/imagens\/malhacao_pro_dia_nascer_feliz_resumo_novela-265x198.jpg 265w\" sizes=\"auto, (max-width: 150px) 100vw, 150px\" \/><strong><em>Novela \u201cMalha\u00e7\u00e3o\u201d resumo 16\/11<\/em><\/strong>: na tentativa de se aproximar de suas irm\u00e3s, Joana, mesmo apaixonada por Gabriel, diz que n\u00e3o quer nada com ele, pois est\u00e1 a gostar de Giovane. Joana procura o garoto para se justificar pela atitude que tomou, mas ao inv\u00e9s de receber uma bronca de Giovane, ele solta uma gargalhada e acaricia a morena. Joana, prev\u00ea problemas e puxa o freio da conversa. Giovane se aproxima ainda mais e tenta arrancar um beijo da garota, mas ela corta o clima. Mais tarde, Gabriel descobre que Giovane e Joana foram para um lugar perigoso e tenta alert\u00e1-los. Joana e Giovane s\u00e3o atacados por bandidos. Giovane e Gabriel discutem na frente de Caio por causa de Joana.<\/p>\n<p>No cap\u00edtulo 063(*), novela \u201cMalha\u00e7\u00e3o\u201d, quarta-feira, 16 de novembro \u2013 Caio impede a discuss\u00e3o entre Giovane e Gabriel. Juliana fica inconformada com Ricardo e pede dinheiro para B\u00e1rbara. B\u00e1rbara comemora a possibilidade de Gabriel ter brigado com Joana.<\/p>\n<p>Lucas se oferece para ajudar Luiza com o trabalho de escola. Gabriel descobre que Giovane e Joana foram para um lugar perigoso e tenta alert\u00e1-los. T\u00e2nia e Ricardo s\u00e3o hostis um com o outro. Luiza questiona T\u00e2nia sobre o relacionamento com Caio e com Ricardo. Joana e Giovane s\u00e3o atacados por bandidos.<\/p>\n<p>Juliana lembra da m\u00e3e, enquanto anda de moto com Jab\u00e1, e ele a trata com carinho. Giovane e Gabriel discutem na frente de Caio por causa de Joana.<\/p>\n<p>(*) edi\u00e7\u00e3o da Rede Globo, Novela \u201cMalha\u00e7\u00e3o\u201d, sujeito a altera\u00e7\u00e3o de data e conte\u00fado.<\/p>\n","protected":false},"excerpt":{"rendered":"<p>Novela \u201cMalha\u00e7\u00e3o\u201d resumo 16\/11: na tentativa de se aproximar de suas irm\u00e3s, Joana, mesmo apaixonada por Gabriel, diz que n\u00e3o quer nada com ele, pois est\u00e1 a gostar de Giovane. Joana procura o garoto para se justificar pela atitude que tomou, mas ao inv\u00e9s de receber uma bronca de Giovane, ele solta uma gargalhada e [&hellip;]<\/p>\n","protected":false},"author":2,"featured_media":91715,"comment_status":"open","ping_status":"closed","sticky":false,"template":"","format":"standard","meta":{"tdm_status":"","tdm_grid_status":"","footnotes":""},"categories":[447,379,375,343],"tags":[441],"class_list":{"0":"post-99762","1":"post","2":"type-post","3":"status-publish","4":"format-standard","5":"has-post-thumbnail","7":"category-malhacao","8":"category-novelas","9":"category-rede-globo","10":"category-televisao","11":"tag-resumo-do-dia"},"_links":{"self":[{"href":"https:\/\/migracao.redenoticia.com.br\/noticia\/wp-json\/wp\/v2\/posts\/99762","targetHints":{"allow":["GET"]}}],"collection":[{"href":"https:\/\/migracao.redenoticia.com.br\/noticia\/wp-json\/wp\/v2\/posts"}],"about":[{"href":"https:\/\/migracao.redenoticia.com.br\/noticia\/wp-json\/wp\/v2\/types\/post"}],"author":[{"embeddable":true,"href":"https:\/\/migracao.redenoticia.com.br\/noticia\/wp-json\/wp\/v2\/users\/2"}],"replies":[{"embeddable":true,"href":"https:\/\/migracao.redenoticia.com.br\/noticia\/wp-json\/wp\/v2\/comments?post=99762"}],"version-history":[{"count":0,"href":"https:\/\/migracao.redenoticia.com.br\/noticia\/wp-json\/wp\/v2\/posts\/99762\/revisions"}],"wp:featuredmedia":[{"embeddable":true,"href":"https:\/\/migracao.redenoticia.com.br\/noticia\/wp-json\/wp\/v2\/media\/91715"}],"wp:attachment":[{"href":"https:\/\/migracao.redenoticia.com.br\/noticia\/wp-json\/wp\/v2\/media?parent=99762"}],"wp:term":[{"taxonomy":"category","embeddable":true,"href":"https:\/\/migracao.redenoticia.com.br\/noticia\/wp-json\/wp\/v2\/categories?post=99762"},{"taxonomy":"post_tag","embeddable":true,"href":"https:\/\/migracao.redenoticia.com.br\/noticia\/wp-json\/wp\/v2\/tags?post=99762"}],"curies":[{"name":"wp","href":"https:\/\/api.w.org\/{rel}","templated":true}]}}